{"id":9448,"date":"2025-08-14T14:45:44","date_gmt":"2025-08-14T17:45:44","guid":{"rendered":"https:\/\/internacional.ufpr.br\/portal\/?p=9448"},"modified":"2025-08-14T14:45:44","modified_gmt":"2025-08-14T17:45:44","slug":"augm-jornada-jovens-investigadores-2025","status":"publish","type":"post","link":"https:\/\/internacional.ufpr.br\/portal\/2025\/08\/14\/augm-jornada-jovens-investigadores-2025\/","title":{"rendered":"AUGM &#8211; JORNADA JOVENS INVESTIGADORES 2025"},"content":{"rendered":"\n<p class=\"has-text-align-left\">Convite a projetos de pesquisa ou extens\u00e3o que desejam apoiar financeiramente estudantes de gradua\u00e7\u00e3o da UFPR na XXXII Jornada de Jovens Investigadores da AUGM.<\/p>\n\n\n\n<div data-wp-interactive=\"core\/file\" class=\"wp-block-file\"><object data-wp-bind--hidden=\"!state.hasPdfPreview\" hidden class=\"wp-block-file__embed\" data=\"https:\/\/internacional.ufpr.br\/portal\/wp-content\/uploads\/2025\/08\/CHAMADA-JJI-AUGM-2025-1.pdf\" type=\"application\/pdf\" style=\"width:100%;height:600px\" aria-label=\"Incorporado de CHAMADA JJI AUGM 2025 (1).\"><\/object><a id=\"wp-block-file--media-7fe18306-52c4-4222-874b-1f3803a7c7c5\" href=\"https:\/\/internacional.ufpr.br\/portal\/wp-content\/uploads\/2025\/08\/CHAMADA-JJI-AUGM-2025-1.pdf\">CHAMADA JJI AUGM 2025 (1)<\/a><a href=\"https:\/\/internacional.ufpr.br\/portal\/wp-content\/uploads\/2025\/08\/CHAMADA-JJI-AUGM-2025-1.pdf\" class=\"wp-block-file__button wp-element-button\" download aria-describedby=\"wp-block-file--media-7fe18306-52c4-4222-874b-1f3803a7c7c5\">Baixar<\/a><\/div>\n","protected":false},"excerpt":{"rendered":"<p>Convite a projetos de pesquisa ou extens\u00e3o que desejam apoiar financeiramente estudantes de gradua\u00e7\u00e3o da UFPR na XXXII Jornada de Jovens Investigadores da AUGM.<\/p>\n","protected":false},"author":12,"featured_media":0,"comment_status":"open","ping_status":"open","sticky":false,"template":"","format":"standard","meta":{"_acf_changed":false,"footnotes":""},"categories":[6],"tags":[],"class_list":["post-9448","post","type-post","status-publish","format-standard","hentry","category-noticias"],"acf":[],"_links":{"self":[{"href":"https:\/\/internacional.ufpr.br\/portal\/wp-json\/wp\/v2\/posts\/9448","targetHints":{"allow":["GET"]}}],"collection":[{"href":"https:\/\/internacional.ufpr.br\/portal\/wp-json\/wp\/v2\/posts"}],"about":[{"href":"https:\/\/internacional.ufpr.br\/portal\/wp-json\/wp\/v2\/types\/post"}],"author":[{"embeddable":true,"href":"https:\/\/internacional.ufpr.br\/portal\/wp-json\/wp\/v2\/users\/12"}],"replies":[{"embeddable":true,"href":"https:\/\/internacional.ufpr.br\/portal\/wp-json\/wp\/v2\/comments?post=9448"}],"version-history":[{"count":2,"href":"https:\/\/internacional.ufpr.br\/portal\/wp-json\/wp\/v2\/posts\/9448\/revisions"}],"predecessor-version":[{"id":9451,"href":"https:\/\/internacional.ufpr.br\/portal\/wp-json\/wp\/v2\/posts\/9448\/revisions\/9451"}],"wp:attachment":[{"href":"https:\/\/internacional.ufpr.br\/portal\/wp-json\/wp\/v2\/media?parent=9448"}],"wp:term":[{"taxonomy":"category","embeddable":true,"href":"https:\/\/internacional.ufpr.br\/portal\/wp-json\/wp\/v2\/categories?post=9448"},{"taxonomy":"post_tag","embeddable":true,"href":"https:\/\/internacional.ufpr.br\/portal\/wp-json\/wp\/v2\/tags?post=9448"}],"curies":[{"name":"wp","href":"https:\/\/api.w.org\/{rel}","templated":true}]}}