{"id":8287,"date":"2025-05-14T09:33:59","date_gmt":"2025-05-14T12:33:59","guid":{"rendered":"https:\/\/internacional.ufpr.br\/portal\/?p=8287"},"modified":"2025-08-29T13:42:24","modified_gmt":"2025-08-29T16:42:24","slug":"augm-edital-de-selecao-discente-para-saida-em-2025-2","status":"publish","type":"post","link":"https:\/\/internacional.ufpr.br\/portal\/2025\/05\/14\/augm-edital-de-selecao-discente-para-saida-em-2025-2\/","title":{"rendered":"AUGM: Edital de Sele\u00e7\u00e3o Discente para sa\u00edda em 2025\/2"},"content":{"rendered":"\n<p>A UFPR torna p\u00fablico o edital de sele\u00e7\u00e3o de discentes para sa\u00edda em mobilidade no \u00e2mbito do Programa AUGM. As inscri\u00e7\u00f5es poder\u00e3o ser realizadas do dia 14 de maio a 30 de maio de 2025.<\/p>\n\n\n\n<div data-wp-interactive=\"core\/file\" class=\"wp-block-file\"><object data-wp-bind--hidden=\"!state.hasPdfPreview\" hidden class=\"wp-block-file__embed\" data=\"https:\/\/internacional.ufpr.br\/portal\/wp-content\/uploads\/2025\/05\/PEEG-2025.pdf\" type=\"application\/pdf\" style=\"width:100%;height:600px\" aria-label=\"Incorporado de PEEG 2025.\"><\/object><a id=\"wp-block-file--media-92ed614f-0ea4-4b60-8c98-333145c5658c\" href=\"https:\/\/internacional.ufpr.br\/portal\/wp-content\/uploads\/2025\/05\/PEEG-2025.pdf\">PEEG 2025<\/a><a href=\"https:\/\/internacional.ufpr.br\/portal\/wp-content\/uploads\/2025\/05\/PEEG-2025.pdf\" class=\"wp-block-file__button wp-element-button\" download aria-describedby=\"wp-block-file--media-92ed614f-0ea4-4b60-8c98-333145c5658c\">Baixar<\/a><\/div>\n","protected":false},"excerpt":{"rendered":"<p>A UFPR torna p\u00fablico o edital de sele\u00e7\u00e3o de discentes para sa\u00edda em mobilidade no \u00e2mbito do Programa AUGM. As inscri\u00e7\u00f5es poder\u00e3o ser realizadas do dia 14 de maio a 30 de maio de 2025.<\/p>\n","protected":false},"author":12,"featured_media":0,"comment_status":"open","ping_status":"open","sticky":false,"template":"","format":"standard","meta":{"_acf_changed":false,"footnotes":""},"categories":[5,186,183,6],"tags":[],"class_list":["post-8287","post","type-post","status-publish","format-standard","hentry","category-editais","category-editais-2","category-mobinter","category-noticias"],"acf":[],"_links":{"self":[{"href":"https:\/\/internacional.ufpr.br\/portal\/wp-json\/wp\/v2\/posts\/8287","targetHints":{"allow":["GET"]}}],"collection":[{"href":"https:\/\/internacional.ufpr.br\/portal\/wp-json\/wp\/v2\/posts"}],"about":[{"href":"https:\/\/internacional.ufpr.br\/portal\/wp-json\/wp\/v2\/types\/post"}],"author":[{"embeddable":true,"href":"https:\/\/internacional.ufpr.br\/portal\/wp-json\/wp\/v2\/users\/12"}],"replies":[{"embeddable":true,"href":"https:\/\/internacional.ufpr.br\/portal\/wp-json\/wp\/v2\/comments?post=8287"}],"version-history":[{"count":1,"href":"https:\/\/internacional.ufpr.br\/portal\/wp-json\/wp\/v2\/posts\/8287\/revisions"}],"predecessor-version":[{"id":8289,"href":"https:\/\/internacional.ufpr.br\/portal\/wp-json\/wp\/v2\/posts\/8287\/revisions\/8289"}],"wp:attachment":[{"href":"https:\/\/internacional.ufpr.br\/portal\/wp-json\/wp\/v2\/media?parent=8287"}],"wp:term":[{"taxonomy":"category","embeddable":true,"href":"https:\/\/internacional.ufpr.br\/portal\/wp-json\/wp\/v2\/categories?post=8287"},{"taxonomy":"post_tag","embeddable":true,"href":"https:\/\/internacional.ufpr.br\/portal\/wp-json\/wp\/v2\/tags?post=8287"}],"curies":[{"name":"wp","href":"https:\/\/api.w.org\/{rel}","templated":true}]}}