{"id":8104,"date":"2025-04-11T18:29:38","date_gmt":"2025-04-11T21:29:38","guid":{"rendered":"https:\/\/internacional.ufpr.br\/portal\/?p=8104"},"modified":"2025-08-29T13:54:47","modified_gmt":"2025-08-29T16:54:47","slug":"promisaes-2025-edital-de-resultado-de-selecao-dasos-estudantes-pec-g","status":"publish","type":"post","link":"https:\/\/internacional.ufpr.br\/portal\/2025\/04\/11\/promisaes-2025-edital-de-resultado-de-selecao-dasos-estudantes-pec-g\/","title":{"rendered":"PROMISAES: Edital de Resultado de Sele\u00e7\u00e3o das(os) estudantes PEC-G (2025)"},"content":{"rendered":"\n<p>Segue o <a href=\"https:\/\/internacional.ufpr.br\/portal\/wp-content\/uploads\/2025\/04\/resultado-promisaes-2025.pdf\" data-type=\"link\" data-id=\"https:\/\/internacional.ufpr.br\/portal\/wp-content\/uploads\/2025\/04\/resultado-promisaes-2025.pdf\">Edital<\/a> de Resultado de Sele\u00e7\u00e3o de estudantes PEC-G contemplados com a bolsa Promisaes 2025. D\u00favidas escrever para: pec@ufpr.br <\/p>\n","protected":false},"excerpt":{"rendered":"<p>Segue o Edital de Resultado de Sele\u00e7\u00e3o de estudantes PEC-G contemplados com a bolsa Promisaes 2025. D\u00favidas escrever para: pec@ufpr.br<\/p>\n","protected":false},"author":12,"featured_media":0,"comment_status":"closed","ping_status":"closed","sticky":false,"template":"","format":"standard","meta":{"_acf_changed":false,"footnotes":""},"categories":[186,6,180],"tags":[],"class_list":["post-8104","post","type-post","status-publish","format-standard","hentry","category-editais-2","category-noticias","category-pec-g"],"acf":[],"_links":{"self":[{"href":"https:\/\/internacional.ufpr.br\/portal\/wp-json\/wp\/v2\/posts\/8104","targetHints":{"allow":["GET"]}}],"collection":[{"href":"https:\/\/internacional.ufpr.br\/portal\/wp-json\/wp\/v2\/posts"}],"about":[{"href":"https:\/\/internacional.ufpr.br\/portal\/wp-json\/wp\/v2\/types\/post"}],"author":[{"embeddable":true,"href":"https:\/\/internacional.ufpr.br\/portal\/wp-json\/wp\/v2\/users\/12"}],"replies":[{"embeddable":true,"href":"https:\/\/internacional.ufpr.br\/portal\/wp-json\/wp\/v2\/comments?post=8104"}],"version-history":[{"count":2,"href":"https:\/\/internacional.ufpr.br\/portal\/wp-json\/wp\/v2\/posts\/8104\/revisions"}],"predecessor-version":[{"id":8123,"href":"https:\/\/internacional.ufpr.br\/portal\/wp-json\/wp\/v2\/posts\/8104\/revisions\/8123"}],"wp:attachment":[{"href":"https:\/\/internacional.ufpr.br\/portal\/wp-json\/wp\/v2\/media?parent=8104"}],"wp:term":[{"taxonomy":"category","embeddable":true,"href":"https:\/\/internacional.ufpr.br\/portal\/wp-json\/wp\/v2\/categories?post=8104"},{"taxonomy":"post_tag","embeddable":true,"href":"https:\/\/internacional.ufpr.br\/portal\/wp-json\/wp\/v2\/tags?post=8104"}],"curies":[{"name":"wp","href":"https:\/\/api.w.org\/{rel}","templated":true}]}}