{"id":7963,"date":"2025-03-24T21:23:41","date_gmt":"2025-03-25T00:23:41","guid":{"rendered":"https:\/\/internacional.ufpr.br\/portal\/?p=7963"},"modified":"2025-08-29T13:55:57","modified_gmt":"2025-08-29T16:55:57","slug":"promisaes-retificacao-de-edital-de-selecao-de-bolsas-para-alunasos-pec-g-2025","status":"publish","type":"post","link":"https:\/\/internacional.ufpr.br\/portal\/2025\/03\/24\/promisaes-retificacao-de-edital-de-selecao-de-bolsas-para-alunasos-pec-g-2025\/","title":{"rendered":"PROMISAES &#8211; Retifica\u00e7\u00e3o de Edital de sele\u00e7\u00e3o de bolsas para alunas(os) PEC-G (2025)"},"content":{"rendered":"\n<p>Prezadas(os) Estudantes PEC-G<\/p>\n\n\n\n<p>Anunciamos a publica\u00e7\u00e3o da <a href=\"https:\/\/internacional.ufpr.br\/portal\/wp-content\/uploads\/2025\/03\/SEI_7616376_Edital_3.pdf\" data-type=\"link\" data-id=\"https:\/\/internacional.ufpr.br\/portal\/wp-content\/uploads\/2025\/03\/SEI_7616376_Edital_3.pdf\">Retifica\u00e7\u00e3o do Edital<\/a> de bolsas Promisaes, com detalhamento das regras socioecon\u00f4micas a serem adotadas para a sele\u00e7\u00e3o das(os) estudantes 2025.<\/p>\n","protected":false},"excerpt":{"rendered":"<p>Prezadas(os) Estudantes PEC-G Anunciamos a publica\u00e7\u00e3o da Retifica\u00e7\u00e3o do Edital de bolsas Promisaes, com detalhamento das regras socioecon\u00f4micas a serem adotadas para a sele\u00e7\u00e3o das(os) estudantes 2025.<\/p>\n","protected":false},"author":12,"featured_media":0,"comment_status":"closed","ping_status":"closed","sticky":false,"template":"","format":"standard","meta":{"_acf_changed":false,"footnotes":""},"categories":[186,6,180],"tags":[],"class_list":["post-7963","post","type-post","status-publish","format-standard","hentry","category-editais-2","category-noticias","category-pec-g"],"acf":[],"_links":{"self":[{"href":"https:\/\/internacional.ufpr.br\/portal\/wp-json\/wp\/v2\/posts\/7963","targetHints":{"allow":["GET"]}}],"collection":[{"href":"https:\/\/internacional.ufpr.br\/portal\/wp-json\/wp\/v2\/posts"}],"about":[{"href":"https:\/\/internacional.ufpr.br\/portal\/wp-json\/wp\/v2\/types\/post"}],"author":[{"embeddable":true,"href":"https:\/\/internacional.ufpr.br\/portal\/wp-json\/wp\/v2\/users\/12"}],"replies":[{"embeddable":true,"href":"https:\/\/internacional.ufpr.br\/portal\/wp-json\/wp\/v2\/comments?post=7963"}],"version-history":[{"count":1,"href":"https:\/\/internacional.ufpr.br\/portal\/wp-json\/wp\/v2\/posts\/7963\/revisions"}],"predecessor-version":[{"id":7965,"href":"https:\/\/internacional.ufpr.br\/portal\/wp-json\/wp\/v2\/posts\/7963\/revisions\/7965"}],"wp:attachment":[{"href":"https:\/\/internacional.ufpr.br\/portal\/wp-json\/wp\/v2\/media?parent=7963"}],"wp:term":[{"taxonomy":"category","embeddable":true,"href":"https:\/\/internacional.ufpr.br\/portal\/wp-json\/wp\/v2\/categories?post=7963"},{"taxonomy":"post_tag","embeddable":true,"href":"https:\/\/internacional.ufpr.br\/portal\/wp-json\/wp\/v2\/tags?post=7963"}],"curies":[{"name":"wp","href":"https:\/\/api.w.org\/{rel}","templated":true}]}}