{"id":7868,"date":"2025-02-27T20:31:22","date_gmt":"2025-02-27T23:31:22","guid":{"rendered":"https:\/\/internacional.ufpr.br\/portal\/?p=7868"},"modified":"2025-08-29T13:56:54","modified_gmt":"2025-08-29T16:56:54","slug":"nucli-isf-edital-de-resultado-de-selecao-de-professor-tutor-de-frances","status":"publish","type":"post","link":"https:\/\/internacional.ufpr.br\/portal\/2025\/02\/27\/nucli-isf-edital-de-resultado-de-selecao-de-professor-tutor-de-frances\/","title":{"rendered":"Nucli &#8211; IsF: Edital de resultado de sele\u00e7\u00e3o de professor tutor de franc\u00eas"},"content":{"rendered":"\n<p>A \u00e1rea de franc\u00eas do N\u00facleo de Idiomas sem Fronteiras da Rede Andifes IsF na UFPR torna p\u00fablico o resultado do edital de sele\u00e7\u00e3o de tutores, para darem aulas nos cursos gratuitos de l\u00edngua francesa ofertados pela Rede.<\/p>\n\n\n\n<p>Segue o <a href=\"https:\/\/internacional.ufpr.br\/portal\/wp-content\/uploads\/2025\/02\/2025-01-Resultado_da_selecao_de_bolsistas_isf_frances_assinado.pdf\" data-type=\"link\" data-id=\"https:\/\/internacional.ufpr.br\/portal\/wp-content\/uploads\/2025\/02\/2025-01-Resultado_da_selecao_de_bolsistas_isf_frances_assinado.pdf\">Edital<\/a> de resultado.<\/p>\n","protected":false},"excerpt":{"rendered":"<p>A \u00e1rea de franc\u00eas do N\u00facleo de Idiomas sem Fronteiras da Rede Andifes IsF na UFPR torna p\u00fablico o resultado do edital de sele\u00e7\u00e3o de tutores, para darem aulas nos cursos gratuitos de l\u00edngua francesa ofertados pela Rede. Segue o Edital de resultado.<\/p>\n","protected":false},"author":12,"featured_media":0,"comment_status":"closed","ping_status":"closed","sticky":false,"template":"","format":"standard","meta":{"_acf_changed":false,"footnotes":""},"categories":[186,178,6],"tags":[],"class_list":["post-7868","post","type-post","status-publish","format-standard","hentry","category-editais-2","category-idioma-sem-fronteiras-rede-andifes-isf","category-noticias"],"acf":[],"_links":{"self":[{"href":"https:\/\/internacional.ufpr.br\/portal\/wp-json\/wp\/v2\/posts\/7868","targetHints":{"allow":["GET"]}}],"collection":[{"href":"https:\/\/internacional.ufpr.br\/portal\/wp-json\/wp\/v2\/posts"}],"about":[{"href":"https:\/\/internacional.ufpr.br\/portal\/wp-json\/wp\/v2\/types\/post"}],"author":[{"embeddable":true,"href":"https:\/\/internacional.ufpr.br\/portal\/wp-json\/wp\/v2\/users\/12"}],"replies":[{"embeddable":true,"href":"https:\/\/internacional.ufpr.br\/portal\/wp-json\/wp\/v2\/comments?post=7868"}],"version-history":[{"count":2,"href":"https:\/\/internacional.ufpr.br\/portal\/wp-json\/wp\/v2\/posts\/7868\/revisions"}],"predecessor-version":[{"id":7875,"href":"https:\/\/internacional.ufpr.br\/portal\/wp-json\/wp\/v2\/posts\/7868\/revisions\/7875"}],"wp:attachment":[{"href":"https:\/\/internacional.ufpr.br\/portal\/wp-json\/wp\/v2\/media?parent=7868"}],"wp:term":[{"taxonomy":"category","embeddable":true,"href":"https:\/\/internacional.ufpr.br\/portal\/wp-json\/wp\/v2\/categories?post=7868"},{"taxonomy":"post_tag","embeddable":true,"href":"https:\/\/internacional.ufpr.br\/portal\/wp-json\/wp\/v2\/tags?post=7868"}],"curies":[{"name":"wp","href":"https:\/\/api.w.org\/{rel}","templated":true}]}}