{"id":7821,"date":"2025-02-20T18:02:09","date_gmt":"2025-02-20T21:02:09","guid":{"rendered":"https:\/\/internacional.ufpr.br\/portal\/?p=7821"},"modified":"2025-08-29T13:57:14","modified_gmt":"2025-08-29T16:57:14","slug":"pec-g-edital-de-resultado-de-pre-selecao-da-bolsa-merito-mre-igr","status":"publish","type":"post","link":"https:\/\/internacional.ufpr.br\/portal\/2025\/02\/20\/pec-g-edital-de-resultado-de-pre-selecao-da-bolsa-merito-mre-igr\/","title":{"rendered":"PEC-G: Edital de Resultado de Pr\u00e9-Sele\u00e7\u00e3o da Bolsa M\u00e9rito MRE-IGR"},"content":{"rendered":"\n<p>Segue edital de resultado da pr\u00e9-sele\u00e7\u00e3o de estudantes do programa PEC-G para concorrer \u00e0 Bolsa M\u00e9rito do MRE IGR. <\/p>\n\n\n\n<div data-wp-interactive=\"core\/file\" class=\"wp-block-file\"><object data-wp-bind--hidden=\"!state.hasPdfPreview\" hidden class=\"wp-block-file__embed\" data=\"https:\/\/internacional.ufpr.br\/portal\/wp-content\/uploads\/2025\/02\/Resultado-pre-selecao-Bolsa-Merito.pdf\" type=\"application\/pdf\" style=\"width:100%;height:600px\" aria-label=\"Incorporado de Resultado pre-selecao Bolsa Merito.\"><\/object><a id=\"wp-block-file--media-1ac79929-8064-4f16-9d25-274ced2abc54\" href=\"https:\/\/internacional.ufpr.br\/portal\/wp-content\/uploads\/2025\/02\/Resultado-pre-selecao-Bolsa-Merito.pdf\">Resultado pre-selecao Bolsa Merito<\/a><a href=\"https:\/\/internacional.ufpr.br\/portal\/wp-content\/uploads\/2025\/02\/Resultado-pre-selecao-Bolsa-Merito.pdf\" class=\"wp-block-file__button wp-element-button\" download aria-describedby=\"wp-block-file--media-1ac79929-8064-4f16-9d25-274ced2abc54\">Baixar<\/a><\/div>\n","protected":false},"excerpt":{"rendered":"<p>Segue edital de resultado da pr\u00e9-sele\u00e7\u00e3o de estudantes do programa PEC-G para concorrer \u00e0 Bolsa M\u00e9rito do MRE IGR.<\/p>\n","protected":false},"author":12,"featured_media":0,"comment_status":"closed","ping_status":"closed","sticky":false,"template":"","format":"standard","meta":{"_acf_changed":false,"footnotes":""},"categories":[186,6,180],"tags":[],"class_list":["post-7821","post","type-post","status-publish","format-standard","hentry","category-editais-2","category-noticias","category-pec-g"],"acf":[],"_links":{"self":[{"href":"https:\/\/internacional.ufpr.br\/portal\/wp-json\/wp\/v2\/posts\/7821","targetHints":{"allow":["GET"]}}],"collection":[{"href":"https:\/\/internacional.ufpr.br\/portal\/wp-json\/wp\/v2\/posts"}],"about":[{"href":"https:\/\/internacional.ufpr.br\/portal\/wp-json\/wp\/v2\/types\/post"}],"author":[{"embeddable":true,"href":"https:\/\/internacional.ufpr.br\/portal\/wp-json\/wp\/v2\/users\/12"}],"replies":[{"embeddable":true,"href":"https:\/\/internacional.ufpr.br\/portal\/wp-json\/wp\/v2\/comments?post=7821"}],"version-history":[{"count":1,"href":"https:\/\/internacional.ufpr.br\/portal\/wp-json\/wp\/v2\/posts\/7821\/revisions"}],"predecessor-version":[{"id":7823,"href":"https:\/\/internacional.ufpr.br\/portal\/wp-json\/wp\/v2\/posts\/7821\/revisions\/7823"}],"wp:attachment":[{"href":"https:\/\/internacional.ufpr.br\/portal\/wp-json\/wp\/v2\/media?parent=7821"}],"wp:term":[{"taxonomy":"category","embeddable":true,"href":"https:\/\/internacional.ufpr.br\/portal\/wp-json\/wp\/v2\/categories?post=7821"},{"taxonomy":"post_tag","embeddable":true,"href":"https:\/\/internacional.ufpr.br\/portal\/wp-json\/wp\/v2\/tags?post=7821"}],"curies":[{"name":"wp","href":"https:\/\/api.w.org\/{rel}","templated":true}]}}