{"id":7511,"date":"2024-11-06T15:39:51","date_gmt":"2024-11-06T18:39:51","guid":{"rendered":"https:\/\/internacional.ufpr.br\/portal\/?p=7511"},"modified":"2025-08-29T14:00:02","modified_gmt":"2025-08-29T17:00:02","slug":"augm-edital-de-mobilidade-saida-2025-1-resultado-final","status":"publish","type":"post","link":"https:\/\/internacional.ufpr.br\/portal\/2024\/11\/06\/augm-edital-de-mobilidade-saida-2025-1-resultado-final\/","title":{"rendered":"AUGM: Resultado Final Mobilidade de Grado (Sa\u00edda 2025\/1)"},"content":{"rendered":"\n<p>&nbsp;04\/11\/2024&nbsp;&nbsp;<a href=\"https:\/\/internacional.ufpr.br\/portal\/author\/luizgardenal\/\">Luiz Gardenal<\/a>&nbsp;<a href=\"https:\/\/internacional.ufpr.br\/portal\/wp-admin\/post.php?post=7509&amp;action=edit\">{Edit}<\/a><\/p>\n\n\n\n<p>\u00a0A Ag\u00eancia UFPR Internacional, de acordo com o cronograma previsto do Edital AUI n\u00ba 09 de 15 de outubro de 2024, torna p\u00fablico o <strong>resultado final<\/strong> da sele\u00e7\u00e3o para mobilidade acad\u00eamica no \u00e2mbito do Programa AUGM, com sa\u00edda prevista para o 1o semestre de 2025.<\/p>\n\n\n\n<p><strong>Resultado Final<\/strong><\/p>\n\n\n\n<figure class=\"wp-block-table\"><table><tbody><tr><td>Coloca\u00e7\u00e3o<\/td><td>N\u00famero de Registro Acad\u00eamico<\/td><\/tr><tr><td>1<sup>o<\/sup><\/td><td>GRR20234429<\/td><\/tr><tr><td>2<sup>o<\/sup><\/td><td>GRR20241198<\/td><\/tr><tr><td>3<sup>o<\/sup><\/td><td>GRR20232942<\/td><\/tr><tr><td>4<sup>o<\/sup><\/td><td>GRR20214613<\/td><\/tr><tr><td>5<sup>o<\/sup><\/td><td>GRR20211867<\/td><\/tr><tr><td colspan=\"2\">Suplentes (em caso de desist\u00eancia)<\/td><\/tr><tr><td>1<sup>o<\/sup>&nbsp;suplente<\/td><td>GRR20221953<\/td><\/tr><tr><td>2<sup>o<\/sup>&nbsp;suplente<\/td><td>GRR20201009<\/td><\/tr><\/tbody><\/table><\/figure>\n\n\n\n<p>A AUI parabeniza os aprovados e informa que entrar\u00e1 em contato para a aloca\u00e7\u00e3o nas respectivas universidades. <\/p>\n\n\n\n<p>Tags:&nbsp;<a href=\"https:\/\/internacional.ufpr.br\/portal\/tag\/augm\/\">AUGM<\/a>,&nbsp;<a href=\"https:\/\/internacional.ufpr.br\/portal\/tag\/edital\/\">edital<\/a><\/p>\n","protected":false},"excerpt":{"rendered":"<p>&nbsp;04\/11\/2024&nbsp;&nbsp;Luiz Gardenal&nbsp;{Edit} \u00a0A Ag\u00eancia UFPR Internacional, de acordo com o cronograma previsto do Edital AUI n\u00ba 09 de 15 de outubro de 2024, torna p\u00fablico o resultado final da sele\u00e7\u00e3o para mobilidade acad\u00eamica no \u00e2mbito do Programa AUGM, com sa\u00edda prevista para o 1o semestre de 2025. Resultado Final Coloca\u00e7\u00e3o N\u00famero de Registro Acad\u00eamico 1o [&hellip;]<\/p>\n","protected":false},"author":12,"featured_media":0,"comment_status":"open","ping_status":"open","sticky":false,"template":"","format":"standard","meta":{"_acf_changed":false,"footnotes":""},"categories":[186,6],"tags":[],"class_list":["post-7511","post","type-post","status-publish","format-standard","hentry","category-editais-2","category-noticias"],"acf":[],"_links":{"self":[{"href":"https:\/\/internacional.ufpr.br\/portal\/wp-json\/wp\/v2\/posts\/7511","targetHints":{"allow":["GET"]}}],"collection":[{"href":"https:\/\/internacional.ufpr.br\/portal\/wp-json\/wp\/v2\/posts"}],"about":[{"href":"https:\/\/internacional.ufpr.br\/portal\/wp-json\/wp\/v2\/types\/post"}],"author":[{"embeddable":true,"href":"https:\/\/internacional.ufpr.br\/portal\/wp-json\/wp\/v2\/users\/12"}],"replies":[{"embeddable":true,"href":"https:\/\/internacional.ufpr.br\/portal\/wp-json\/wp\/v2\/comments?post=7511"}],"version-history":[{"count":2,"href":"https:\/\/internacional.ufpr.br\/portal\/wp-json\/wp\/v2\/posts\/7511\/revisions"}],"predecessor-version":[{"id":7719,"href":"https:\/\/internacional.ufpr.br\/portal\/wp-json\/wp\/v2\/posts\/7511\/revisions\/7719"}],"wp:attachment":[{"href":"https:\/\/internacional.ufpr.br\/portal\/wp-json\/wp\/v2\/media?parent=7511"}],"wp:term":[{"taxonomy":"category","embeddable":true,"href":"https:\/\/internacional.ufpr.br\/portal\/wp-json\/wp\/v2\/categories?post=7511"},{"taxonomy":"post_tag","embeddable":true,"href":"https:\/\/internacional.ufpr.br\/portal\/wp-json\/wp\/v2\/tags?post=7511"}],"curies":[{"name":"wp","href":"https:\/\/api.w.org\/{rel}","templated":true}]}}