{"id":7472,"date":"2024-10-03T18:44:00","date_gmt":"2024-10-03T21:44:00","guid":{"rendered":"https:\/\/internacional.ufpr.br\/portal\/?p=7472"},"modified":"2024-10-04T09:46:41","modified_gmt":"2024-10-04T12:46:41","slug":"evento-webinar-study-in-finland","status":"publish","type":"post","link":"https:\/\/internacional.ufpr.br\/portal\/2024\/10\/03\/evento-webinar-study-in-finland\/","title":{"rendered":"EVENTO: Webinar &#8220;Study in Finland&#8221;"},"content":{"rendered":"\n<figure class=\"wp-block-image size-full\"><img loading=\"lazy\" decoding=\"async\" width=\"867\" height=\"862\" src=\"https:\/\/internacional.ufpr.br\/portal\/wp-content\/uploads\/2024\/10\/Captura-de-tela-2024-10-04-094356.png\" alt=\"\" class=\"wp-image-7473\" srcset=\"https:\/\/internacional.ufpr.br\/portal\/wp-content\/uploads\/2024\/10\/Captura-de-tela-2024-10-04-094356.png 867w, https:\/\/internacional.ufpr.br\/portal\/wp-content\/uploads\/2024\/10\/Captura-de-tela-2024-10-04-094356-300x298.png 300w, https:\/\/internacional.ufpr.br\/portal\/wp-content\/uploads\/2024\/10\/Captura-de-tela-2024-10-04-094356-150x150.png 150w, https:\/\/internacional.ufpr.br\/portal\/wp-content\/uploads\/2024\/10\/Captura-de-tela-2024-10-04-094356-768x764.png 768w, https:\/\/internacional.ufpr.br\/portal\/wp-content\/uploads\/2024\/10\/Captura-de-tela-2024-10-04-094356-10x10.png 10w\" sizes=\"auto, (max-width: 867px) 100vw, 867px\" \/><\/figure>\n\n\n\n<p>A <a href=\"https:\/\/www.oph.fi\/en\" target=\"_blank\" rel=\"noreferrer noopener\">Finnish National Agency for Education<\/a> divulga o webin\u00e1rio sobre o sistema de ensino superior da Finl\u00e2ndia! &#x1f393;&#x2728;<\/p>\n\n\n\n<p>&#x1f4c5; Quando? Dia 10\/10, das 15h \u00e0s 16h (hor\u00e1rio de Bras\u00edlia)<br>&#x1f30d; Onde? Online<br>&#x1f310; Idioma? Ingl\u00eas<br>Inscri\u00e7\u00f5es no QR Code<\/p>\n","protected":false},"excerpt":{"rendered":"<p>A Finnish National Agency for Education divulga o webin\u00e1rio sobre o sistema de ensino superior da Finl\u00e2ndia! &#x1f393;&#x2728; &#x1f4c5; Quando? Dia 10\/10, das 15h \u00e0s 16h (hor\u00e1rio de Bras\u00edlia)&#x1f30d; Onde? Online&#x1f310; Idioma? Ingl\u00easInscri\u00e7\u00f5es no QR Code<\/p>\n","protected":false},"author":12,"featured_media":0,"comment_status":"open","ping_status":"open","sticky":false,"template":"","format":"standard","meta":{"_acf_changed":false,"footnotes":""},"categories":[6],"tags":[],"class_list":["post-7472","post","type-post","status-publish","format-standard","hentry","category-noticias"],"acf":[],"_links":{"self":[{"href":"https:\/\/internacional.ufpr.br\/portal\/wp-json\/wp\/v2\/posts\/7472","targetHints":{"allow":["GET"]}}],"collection":[{"href":"https:\/\/internacional.ufpr.br\/portal\/wp-json\/wp\/v2\/posts"}],"about":[{"href":"https:\/\/internacional.ufpr.br\/portal\/wp-json\/wp\/v2\/types\/post"}],"author":[{"embeddable":true,"href":"https:\/\/internacional.ufpr.br\/portal\/wp-json\/wp\/v2\/users\/12"}],"replies":[{"embeddable":true,"href":"https:\/\/internacional.ufpr.br\/portal\/wp-json\/wp\/v2\/comments?post=7472"}],"version-history":[{"count":1,"href":"https:\/\/internacional.ufpr.br\/portal\/wp-json\/wp\/v2\/posts\/7472\/revisions"}],"predecessor-version":[{"id":7474,"href":"https:\/\/internacional.ufpr.br\/portal\/wp-json\/wp\/v2\/posts\/7472\/revisions\/7474"}],"wp:attachment":[{"href":"https:\/\/internacional.ufpr.br\/portal\/wp-json\/wp\/v2\/media?parent=7472"}],"wp:term":[{"taxonomy":"category","embeddable":true,"href":"https:\/\/internacional.ufpr.br\/portal\/wp-json\/wp\/v2\/categories?post=7472"},{"taxonomy":"post_tag","embeddable":true,"href":"https:\/\/internacional.ufpr.br\/portal\/wp-json\/wp\/v2\/tags?post=7472"}],"curies":[{"name":"wp","href":"https:\/\/api.w.org\/{rel}","templated":true}]}}