{"id":7456,"date":"2024-09-30T19:08:30","date_gmt":"2024-09-30T22:08:30","guid":{"rendered":"https:\/\/internacional.ufpr.br\/portal\/?p=7456"},"modified":"2025-08-29T13:58:58","modified_gmt":"2025-08-29T16:58:58","slug":"nucli-isf-edital-de-selecao-de-professor-tutor-de-alemao-espanhol-e-ingles","status":"publish","type":"post","link":"https:\/\/internacional.ufpr.br\/portal\/2024\/09\/30\/nucli-isf-edital-de-selecao-de-professor-tutor-de-alemao-espanhol-e-ingles\/","title":{"rendered":"Nucli \u2013 IsF: Edital de sele\u00e7\u00e3o de professor tutor de alem\u00e3o, espanhol e ingl\u00eas."},"content":{"rendered":"\n<p>As \u00c1reas de alem\u00e3o, espanhol e ingl\u00eas do N\u00facleo de Idiomas sem Fronteiras da Rede Andifes IsF na UFPR torna p\u00fablico o edital de sele\u00e7\u00e3o de tutores, para darem aulas nos cursos gratuitos de l\u00edngua ofertados pela Rede.<\/p>\n\n\n\n<p>Acesse aqui o&nbsp;<a href=\"https:\/\/internacional.ufpr.br\/portal\/wp-content\/uploads\/2024\/09\/EDITAL-TUTOR-ISF-alemao-espanhol-e-ingles-setembro-2024.pdf\">edital<\/a>.<\/p>\n\n\n\n<p>D\u00favidas?<\/p>\n\n\n\n<p>Escreva para:<\/p>\n\n\n\n<p>adriana.brahim@programaisf.pro.br (ingl\u00eas).<\/p>\n\n\n\n<p>fernanda.veloso@programaisf.pro.br (espanhol).<\/p>\n\n\n\n<p>thiago.mariano@programaisf.pro.br (alem\u00e3o).<\/p>\n","protected":false},"excerpt":{"rendered":"<p>As \u00c1reas de alem\u00e3o, espanhol e ingl\u00eas do N\u00facleo de Idiomas sem Fronteiras da Rede Andifes IsF na UFPR torna p\u00fablico o edital de sele\u00e7\u00e3o de tutores, para darem aulas nos cursos gratuitos de l\u00edngua ofertados pela Rede. Acesse aqui o&nbsp;edital. D\u00favidas? Escreva para: adriana.brahim@programaisf.pro.br (ingl\u00eas). fernanda.veloso@programaisf.pro.br (espanhol). thiago.mariano@programaisf.pro.br (alem\u00e3o).<\/p>\n","protected":false},"author":12,"featured_media":0,"comment_status":"open","ping_status":"open","sticky":false,"template":"","format":"standard","meta":{"_acf_changed":false,"footnotes":""},"categories":[186,6],"tags":[],"class_list":["post-7456","post","type-post","status-publish","format-standard","hentry","category-editais-2","category-noticias"],"acf":[],"_links":{"self":[{"href":"https:\/\/internacional.ufpr.br\/portal\/wp-json\/wp\/v2\/posts\/7456","targetHints":{"allow":["GET"]}}],"collection":[{"href":"https:\/\/internacional.ufpr.br\/portal\/wp-json\/wp\/v2\/posts"}],"about":[{"href":"https:\/\/internacional.ufpr.br\/portal\/wp-json\/wp\/v2\/types\/post"}],"author":[{"embeddable":true,"href":"https:\/\/internacional.ufpr.br\/portal\/wp-json\/wp\/v2\/users\/12"}],"replies":[{"embeddable":true,"href":"https:\/\/internacional.ufpr.br\/portal\/wp-json\/wp\/v2\/comments?post=7456"}],"version-history":[{"count":4,"href":"https:\/\/internacional.ufpr.br\/portal\/wp-json\/wp\/v2\/posts\/7456\/revisions"}],"predecessor-version":[{"id":7482,"href":"https:\/\/internacional.ufpr.br\/portal\/wp-json\/wp\/v2\/posts\/7456\/revisions\/7482"}],"wp:attachment":[{"href":"https:\/\/internacional.ufpr.br\/portal\/wp-json\/wp\/v2\/media?parent=7456"}],"wp:term":[{"taxonomy":"category","embeddable":true,"href":"https:\/\/internacional.ufpr.br\/portal\/wp-json\/wp\/v2\/categories?post=7456"},{"taxonomy":"post_tag","embeddable":true,"href":"https:\/\/internacional.ufpr.br\/portal\/wp-json\/wp\/v2\/tags?post=7456"}],"curies":[{"name":"wp","href":"https:\/\/api.w.org\/{rel}","templated":true}]}}