{"id":7433,"date":"2024-09-20T16:18:00","date_gmt":"2024-09-20T19:18:00","guid":{"rendered":"https:\/\/internacional.ufpr.br\/portal\/?p=7433"},"modified":"2024-10-14T15:14:12","modified_gmt":"2024-10-14T18:14:12","slug":"7433","status":"publish","type":"post","link":"https:\/\/internacional.ufpr.br\/portal\/2024\/09\/20\/7433\/","title":{"rendered":"CAPA: Edital de servi\u00e7os de tradu\u00e7\u00e3o e revis\u00e3o (N\u00ba 05\/2024)"},"content":{"rendered":"\n<p>O Centro de Assessoria de Publica\u00e7\u00e3o Acad\u00eamica (Capa) da Universidade Federal do Paran\u00e1 (UFPR) lan\u00e7ou nova chamada para revis\u00e3o e tradu\u00e7\u00e3o de textos cient\u00edficos, com inscri\u00e7\u00f5es abertas at\u00e9 o dia 06 de outubro de 2024.<\/p>\n\n\n\n<p>O Edital N\u00ba 05\/2024 pode ser consultado <a href=\"http:\/\/www.capa.ufpr.br\/portal\/wp-content\/uploads\/2024\/09\/Edital-n%C2%BA-05.2024.pdf\" target=\"_blank\" rel=\"noreferrer noopener\">aqui.<\/a><\/p>\n","protected":false},"excerpt":{"rendered":"<p>O Centro de Assessoria de Publica\u00e7\u00e3o Acad\u00eamica (Capa) da Universidade Federal do Paran\u00e1 (UFPR) lan\u00e7ou nova chamada para revis\u00e3o e tradu\u00e7\u00e3o de textos cient\u00edficos, com inscri\u00e7\u00f5es abertas at\u00e9 o dia 06 de outubro de 2024. O Edital N\u00ba 05\/2024 pode ser consultado aqui.<\/p>\n","protected":false},"author":12,"featured_media":0,"comment_status":"open","ping_status":"open","sticky":false,"template":"","format":"standard","meta":{"_acf_changed":false,"footnotes":""},"categories":[6],"tags":[],"class_list":["post-7433","post","type-post","status-publish","format-standard","hentry","category-noticias"],"acf":[],"_links":{"self":[{"href":"https:\/\/internacional.ufpr.br\/portal\/wp-json\/wp\/v2\/posts\/7433","targetHints":{"allow":["GET"]}}],"collection":[{"href":"https:\/\/internacional.ufpr.br\/portal\/wp-json\/wp\/v2\/posts"}],"about":[{"href":"https:\/\/internacional.ufpr.br\/portal\/wp-json\/wp\/v2\/types\/post"}],"author":[{"embeddable":true,"href":"https:\/\/internacional.ufpr.br\/portal\/wp-json\/wp\/v2\/users\/12"}],"replies":[{"embeddable":true,"href":"https:\/\/internacional.ufpr.br\/portal\/wp-json\/wp\/v2\/comments?post=7433"}],"version-history":[{"count":3,"href":"https:\/\/internacional.ufpr.br\/portal\/wp-json\/wp\/v2\/posts\/7433\/revisions"}],"predecessor-version":[{"id":7439,"href":"https:\/\/internacional.ufpr.br\/portal\/wp-json\/wp\/v2\/posts\/7433\/revisions\/7439"}],"wp:attachment":[{"href":"https:\/\/internacional.ufpr.br\/portal\/wp-json\/wp\/v2\/media?parent=7433"}],"wp:term":[{"taxonomy":"category","embeddable":true,"href":"https:\/\/internacional.ufpr.br\/portal\/wp-json\/wp\/v2\/categories?post=7433"},{"taxonomy":"post_tag","embeddable":true,"href":"https:\/\/internacional.ufpr.br\/portal\/wp-json\/wp\/v2\/tags?post=7433"}],"curies":[{"name":"wp","href":"https:\/\/api.w.org\/{rel}","templated":true}]}}