{"id":7309,"date":"2024-08-22T07:01:00","date_gmt":"2024-08-22T10:01:00","guid":{"rendered":"https:\/\/internacional.ufpr.br\/portal\/?p=7309"},"modified":"2024-08-21T18:03:32","modified_gmt":"2024-08-21T21:03:32","slug":"divulgacao-curso-taller-de-colaboraciones-internacionales-virtuales-2024","status":"publish","type":"post","link":"https:\/\/internacional.ufpr.br\/portal\/2024\/08\/22\/divulgacao-curso-taller-de-colaboraciones-internacionales-virtuales-2024\/","title":{"rendered":"DIVULGA\u00c7\u00c3O: Curso-Taller de Colaboraciones Internacionales Virtuales, 2024"},"content":{"rendered":"\n<p>A Universidad Veracruzana, atrav\u00e9s da Dire\u00e7\u00e3o Geral de Rela\u00e7\u00f5es Internacionais, est\u00e1 com inscri\u00e7\u00f5es abertas para o Curso-Oficina de Colabora\u00e7\u00f5es Internacionais Virtuais, que ocorrer\u00e1 de setembro a dezembro de 2024.<\/p>\n\n\n\n<p>&#x1f517; <a href=\"https:\/\/forms.office.com\/pages\/responsepage.aspx?id=UXaQPMbYpkyopGokJDDmU1GFyKX9CEBGr4qUz9yScq5UMUhGWFRUOUhOSU9ZRlZQRDVBNzc5OFFKVC4u\" data-type=\"link\" data-id=\"https:\/\/forms.office.com\/pages\/responsepage.aspx?id=UXaQPMbYpkyopGokJDDmU1GFyKX9CEBGr4qUz9yScq5UMUhGWFRUOUhOSU9ZRlZQRDVBNzc5OFFKVC4u\" target=\"_blank\" rel=\"noreferrer noopener\">Link de inscri\u00e7\u00e3o<\/a><\/p>\n\n\n\n<p>&#x1f4fd;&#xfe0f; <a href=\"https:\/\/www.uv.mx\/celulaode\/video\/coil.mp4\" target=\"_blank\" rel=\"noreferrer noopener\">Confira o v\u00eddeo oficial e saiba mais.<\/a><\/p>\n\n\n\n<figure class=\"wp-block-image size-large\"><img loading=\"lazy\" decoding=\"async\" width=\"614\" height=\"1024\" src=\"https:\/\/internacional.ufpr.br\/portal\/wp-content\/uploads\/2024\/08\/ENG2024-2-614x1024.jpg\" alt=\"\" class=\"wp-image-7311\" srcset=\"https:\/\/internacional.ufpr.br\/portal\/wp-content\/uploads\/2024\/08\/ENG2024-2-614x1024.jpg 614w, https:\/\/internacional.ufpr.br\/portal\/wp-content\/uploads\/2024\/08\/ENG2024-2-180x300.jpg 180w, https:\/\/internacional.ufpr.br\/portal\/wp-content\/uploads\/2024\/08\/ENG2024-2-768x1280.jpg 768w, https:\/\/internacional.ufpr.br\/portal\/wp-content\/uploads\/2024\/08\/ENG2024-2-922x1536.jpg 922w, https:\/\/internacional.ufpr.br\/portal\/wp-content\/uploads\/2024\/08\/ENG2024-2-6x10.jpg 6w, https:\/\/internacional.ufpr.br\/portal\/wp-content\/uploads\/2024\/08\/ENG2024-2.jpg 1134w\" sizes=\"auto, (max-width: 614px) 100vw, 614px\" \/><\/figure>\n","protected":false},"excerpt":{"rendered":"<p>A Universidad Veracruzana, atrav\u00e9s da Dire\u00e7\u00e3o Geral de Rela\u00e7\u00f5es Internacionais, est\u00e1 com inscri\u00e7\u00f5es abertas para o Curso-Oficina de Colabora\u00e7\u00f5es Internacionais Virtuais, que ocorrer\u00e1 de setembro a dezembro de 2024. &#x1f517; Link de inscri\u00e7\u00e3o &#x1f4fd;&#xfe0f; Confira o v\u00eddeo oficial e saiba mais.<\/p>\n","protected":false},"author":12,"featured_media":0,"comment_status":"open","ping_status":"open","sticky":false,"template":"","format":"standard","meta":{"_acf_changed":false,"footnotes":""},"categories":[6],"tags":[],"class_list":["post-7309","post","type-post","status-publish","format-standard","hentry","category-noticias"],"acf":[],"_links":{"self":[{"href":"https:\/\/internacional.ufpr.br\/portal\/wp-json\/wp\/v2\/posts\/7309","targetHints":{"allow":["GET"]}}],"collection":[{"href":"https:\/\/internacional.ufpr.br\/portal\/wp-json\/wp\/v2\/posts"}],"about":[{"href":"https:\/\/internacional.ufpr.br\/portal\/wp-json\/wp\/v2\/types\/post"}],"author":[{"embeddable":true,"href":"https:\/\/internacional.ufpr.br\/portal\/wp-json\/wp\/v2\/users\/12"}],"replies":[{"embeddable":true,"href":"https:\/\/internacional.ufpr.br\/portal\/wp-json\/wp\/v2\/comments?post=7309"}],"version-history":[{"count":2,"href":"https:\/\/internacional.ufpr.br\/portal\/wp-json\/wp\/v2\/posts\/7309\/revisions"}],"predecessor-version":[{"id":7312,"href":"https:\/\/internacional.ufpr.br\/portal\/wp-json\/wp\/v2\/posts\/7309\/revisions\/7312"}],"wp:attachment":[{"href":"https:\/\/internacional.ufpr.br\/portal\/wp-json\/wp\/v2\/media?parent=7309"}],"wp:term":[{"taxonomy":"category","embeddable":true,"href":"https:\/\/internacional.ufpr.br\/portal\/wp-json\/wp\/v2\/categories?post=7309"},{"taxonomy":"post_tag","embeddable":true,"href":"https:\/\/internacional.ufpr.br\/portal\/wp-json\/wp\/v2\/tags?post=7309"}],"curies":[{"name":"wp","href":"https:\/\/api.w.org\/{rel}","templated":true}]}}