{"id":7306,"date":"2024-08-14T16:04:20","date_gmt":"2024-08-14T19:04:20","guid":{"rendered":"https:\/\/internacional.ufpr.br\/portal\/?p=7306"},"modified":"2025-02-06T16:36:38","modified_gmt":"2025-02-06T19:36:38","slug":"mobilidade-academica-internacional-chamada-regular-saida-2025-02","status":"publish","type":"post","link":"https:\/\/internacional.ufpr.br\/portal\/2024\/08\/14\/mobilidade-academica-internacional-chamada-regular-saida-2025-02\/","title":{"rendered":"MOBILIDADE ACAD\u00caMICA INTERNACIONAL: Chamada Regular (Sa\u00edda 2025\/2)"},"content":{"rendered":"\n<p>A AUI torna p\u00fablico o edital de sele\u00e7\u00e3o de alunos de gradua\u00e7\u00e3o para mobilidade internacional regular, com sa\u00edda prevista para o segundo semestre de 2025.<\/p>\n\n\n\n<p>Acesse\u00a0<a href=\"https:\/\/internacional.ufpr.br\/portal\/wp-content\/uploads\/2024\/08\/Minuta-Edital-Mobilidade-Internacional-Regular-saida-25_02.pdf\">aqui\u00a0<\/a>o edital completo.<\/p>\n\n\n\n<p>As inscri\u00e7\u00f5es poder\u00e3o ser realizadas\u00a0<a href=\"https:\/\/internacional.ufpr.br\/inscricao\/\">aqui<\/a>.<\/p>\n\n\n\n<p>Tags:\u00a0<a href=\"https:\/\/internacional.ufpr.br\/portal\/tag\/bolsas\/\">bolsas<\/a>,\u00a0<a href=\"https:\/\/internacional.ufpr.br\/portal\/tag\/edital\/\">edital<\/a><\/p>\n","protected":false},"excerpt":{"rendered":"<p>A AUI torna p\u00fablico o edital de sele\u00e7\u00e3o de alunos de gradua\u00e7\u00e3o para mobilidade internacional regular, com sa\u00edda prevista para o segundo semestre de 2025. Acesse\u00a0aqui\u00a0o edital completo. As inscri\u00e7\u00f5es poder\u00e3o ser realizadas\u00a0aqui. Tags:\u00a0bolsas,\u00a0edital<\/p>\n","protected":false},"author":12,"featured_media":0,"comment_status":"open","ping_status":"open","sticky":false,"template":"","format":"standard","meta":{"_acf_changed":false,"footnotes":""},"categories":[6],"tags":[],"class_list":["post-7306","post","type-post","status-publish","format-standard","hentry","category-noticias"],"acf":[],"_links":{"self":[{"href":"https:\/\/internacional.ufpr.br\/portal\/wp-json\/wp\/v2\/posts\/7306","targetHints":{"allow":["GET"]}}],"collection":[{"href":"https:\/\/internacional.ufpr.br\/portal\/wp-json\/wp\/v2\/posts"}],"about":[{"href":"https:\/\/internacional.ufpr.br\/portal\/wp-json\/wp\/v2\/types\/post"}],"author":[{"embeddable":true,"href":"https:\/\/internacional.ufpr.br\/portal\/wp-json\/wp\/v2\/users\/12"}],"replies":[{"embeddable":true,"href":"https:\/\/internacional.ufpr.br\/portal\/wp-json\/wp\/v2\/comments?post=7306"}],"version-history":[{"count":2,"href":"https:\/\/internacional.ufpr.br\/portal\/wp-json\/wp\/v2\/posts\/7306\/revisions"}],"predecessor-version":[{"id":7727,"href":"https:\/\/internacional.ufpr.br\/portal\/wp-json\/wp\/v2\/posts\/7306\/revisions\/7727"}],"wp:attachment":[{"href":"https:\/\/internacional.ufpr.br\/portal\/wp-json\/wp\/v2\/media?parent=7306"}],"wp:term":[{"taxonomy":"category","embeddable":true,"href":"https:\/\/internacional.ufpr.br\/portal\/wp-json\/wp\/v2\/categories?post=7306"},{"taxonomy":"post_tag","embeddable":true,"href":"https:\/\/internacional.ufpr.br\/portal\/wp-json\/wp\/v2\/tags?post=7306"}],"curies":[{"name":"wp","href":"https:\/\/api.w.org\/{rel}","templated":true}]}}