{"id":7168,"date":"2024-05-23T15:32:56","date_gmt":"2024-05-23T18:32:56","guid":{"rendered":"https:\/\/internacional.ufpr.br\/portal\/?p=7168"},"modified":"2024-05-23T15:41:57","modified_gmt":"2024-05-23T18:41:57","slug":"marca-edital-de-selecao-para-o-curso-de-agronomia-saida-2024-2","status":"publish","type":"post","link":"https:\/\/internacional.ufpr.br\/portal\/2024\/05\/23\/marca-edital-de-selecao-para-o-curso-de-agronomia-saida-2024-2\/","title":{"rendered":"MARCA: Edital de Sele\u00e7\u00e3o para o curso de Agronomia (Sa\u00edda 2024\/2)"},"content":{"rendered":"\n<p>A Ag\u00eancia UFPR Internacional torna p\u00fablico o edital de sele\u00e7\u00e3o de estudantes de gradua\u00e7\u00e3o do Curso de Agronomia em Curitiba, para a mobilidade acad\u00eamica internacional, no \u00e2mbito no programa MARCA, com sa\u00edda prevista para o segundo semestre de 2024. Clique <a href=\"http:\/\/www.internacional.ufpr.br\/inscricao\">aqui<\/a> para realizar a sua insri\u00e7\u00e3o. <\/p>\n\n\n\n<p>Para maiores detalhalhes, acesse <a href=\"https:\/\/internacional.ufpr.br\/portal\/wp-content\/uploads\/2024\/05\/Edital-Marca-23-de-maio-de-2024-para-publicacao.pdf\">aqui<\/a> o edital.<\/p>\n\n\n\n<p>D\u00favidas? Escreva para bespa@ufpr.br      <\/p>\n","protected":false},"excerpt":{"rendered":"<p>A Ag\u00eancia UFPR Internacional torna p\u00fablico o edital de sele\u00e7\u00e3o de estudantes de gradua\u00e7\u00e3o do Curso de Agronomia em Curitiba, para a mobilidade acad\u00eamica internacional, no \u00e2mbito no programa MARCA, com sa\u00edda prevista para o segundo semestre de 2024. Clique aqui para realizar a sua insri\u00e7\u00e3o. Para maiores detalhalhes, acesse aqui o edital. D\u00favidas? Escreva [&hellip;]<\/p>\n","protected":false},"author":12,"featured_media":0,"comment_status":"open","ping_status":"open","sticky":false,"template":"","format":"standard","meta":{"_acf_changed":false,"footnotes":""},"categories":[6],"tags":[],"class_list":["post-7168","post","type-post","status-publish","format-standard","hentry","category-noticias"],"acf":[],"_links":{"self":[{"href":"https:\/\/internacional.ufpr.br\/portal\/wp-json\/wp\/v2\/posts\/7168","targetHints":{"allow":["GET"]}}],"collection":[{"href":"https:\/\/internacional.ufpr.br\/portal\/wp-json\/wp\/v2\/posts"}],"about":[{"href":"https:\/\/internacional.ufpr.br\/portal\/wp-json\/wp\/v2\/types\/post"}],"author":[{"embeddable":true,"href":"https:\/\/internacional.ufpr.br\/portal\/wp-json\/wp\/v2\/users\/12"}],"replies":[{"embeddable":true,"href":"https:\/\/internacional.ufpr.br\/portal\/wp-json\/wp\/v2\/comments?post=7168"}],"version-history":[{"count":2,"href":"https:\/\/internacional.ufpr.br\/portal\/wp-json\/wp\/v2\/posts\/7168\/revisions"}],"predecessor-version":[{"id":7171,"href":"https:\/\/internacional.ufpr.br\/portal\/wp-json\/wp\/v2\/posts\/7168\/revisions\/7171"}],"wp:attachment":[{"href":"https:\/\/internacional.ufpr.br\/portal\/wp-json\/wp\/v2\/media?parent=7168"}],"wp:term":[{"taxonomy":"category","embeddable":true,"href":"https:\/\/internacional.ufpr.br\/portal\/wp-json\/wp\/v2\/categories?post=7168"},{"taxonomy":"post_tag","embeddable":true,"href":"https:\/\/internacional.ufpr.br\/portal\/wp-json\/wp\/v2\/tags?post=7168"}],"curies":[{"name":"wp","href":"https:\/\/api.w.org\/{rel}","templated":true}]}}