{"id":7097,"date":"2024-04-24T16:11:00","date_gmt":"2024-04-24T19:11:00","guid":{"rendered":"https:\/\/internacional.ufpr.br\/portal\/?p=7097"},"modified":"2024-04-25T08:19:03","modified_gmt":"2024-04-25T11:19:03","slug":"bolsa-programa-de-pos-graduacao-mext-japao","status":"publish","type":"post","link":"https:\/\/internacional.ufpr.br\/portal\/2024\/04\/24\/bolsa-programa-de-pos-graduacao-mext-japao\/","title":{"rendered":"BOLSA: Programa de P\u00f3s-Gradua\u00e7\u00e3o MEXT &#8211; Jap\u00e3o"},"content":{"rendered":"\n<p class=\"has-small-font-size\"><span style=\"font-family: -apple-system, BlinkMacSystemFont, &quot;Segoe UI&quot;, Roboto, Helvetica, Arial, sans-serif; font-size: 14px; white-space-collapse: collapse;\">O Minist\u00e9rio da Educa\u00e7\u00e3o, Cultura, Esporte, Ci\u00eancia e Tecnologia (MEXT) conceder\u00e1 bolsas de estudos a brasileiros para pesquisa (p\u00f3s-gradua\u00e7\u00e3o) em universidades japonesas para o pr\u00f3ximo ano (2025).<\/span><\/p>\n\n\n\n<p class=\"has-small-font-size\">O per\u00edodo de inscri\u00e7\u00e3o \u00e9 de 06 a 24 de maio de 2024, inscri\u00e7\u00f5es e informa\u00e7\u00f5es pelo site: <a href=\"http:\/\/www.rio.br.emb-japan.go.jp\/itpr_pt\/pesquisa.html\">http:\/\/www.rio.br.emb-japan.go.jp\/itpr_pt\/pesquisa.html<\/a> \u00a0<\/p>\n","protected":false},"excerpt":{"rendered":"<p>O Minist\u00e9rio da Educa\u00e7\u00e3o, Cultura, Esporte, Ci\u00eancia e Tecnologia (MEXT) conceder\u00e1 bolsas de estudos a brasileiros para pesquisa (p\u00f3s-gradua\u00e7\u00e3o) em universidades japonesas para o pr\u00f3ximo ano (2025). O per\u00edodo de inscri\u00e7\u00e3o \u00e9 de 06 a 24 de maio de 2024, inscri\u00e7\u00f5es e informa\u00e7\u00f5es pelo site: http:\/\/www.rio.br.emb-japan.go.jp\/itpr_pt\/pesquisa.html \u00a0<\/p>\n","protected":false},"author":12,"featured_media":0,"comment_status":"open","ping_status":"open","sticky":false,"template":"","format":"standard","meta":{"_acf_changed":false,"footnotes":""},"categories":[6],"tags":[],"class_list":["post-7097","post","type-post","status-publish","format-standard","hentry","category-noticias"],"acf":[],"_links":{"self":[{"href":"https:\/\/internacional.ufpr.br\/portal\/wp-json\/wp\/v2\/posts\/7097","targetHints":{"allow":["GET"]}}],"collection":[{"href":"https:\/\/internacional.ufpr.br\/portal\/wp-json\/wp\/v2\/posts"}],"about":[{"href":"https:\/\/internacional.ufpr.br\/portal\/wp-json\/wp\/v2\/types\/post"}],"author":[{"embeddable":true,"href":"https:\/\/internacional.ufpr.br\/portal\/wp-json\/wp\/v2\/users\/12"}],"replies":[{"embeddable":true,"href":"https:\/\/internacional.ufpr.br\/portal\/wp-json\/wp\/v2\/comments?post=7097"}],"version-history":[{"count":2,"href":"https:\/\/internacional.ufpr.br\/portal\/wp-json\/wp\/v2\/posts\/7097\/revisions"}],"predecessor-version":[{"id":7101,"href":"https:\/\/internacional.ufpr.br\/portal\/wp-json\/wp\/v2\/posts\/7097\/revisions\/7101"}],"wp:attachment":[{"href":"https:\/\/internacional.ufpr.br\/portal\/wp-json\/wp\/v2\/media?parent=7097"}],"wp:term":[{"taxonomy":"category","embeddable":true,"href":"https:\/\/internacional.ufpr.br\/portal\/wp-json\/wp\/v2\/categories?post=7097"},{"taxonomy":"post_tag","embeddable":true,"href":"https:\/\/internacional.ufpr.br\/portal\/wp-json\/wp\/v2\/tags?post=7097"}],"curies":[{"name":"wp","href":"https:\/\/api.w.org\/{rel}","templated":true}]}}