{"id":7035,"date":"2024-03-25T15:00:33","date_gmt":"2024-03-25T18:00:33","guid":{"rendered":"https:\/\/internacional.ufpr.br\/portal\/?p=7035"},"modified":"2024-04-07T14:22:49","modified_gmt":"2024-04-07T17:22:49","slug":"nucli-isf-edital-de-selecao-de-professor-tutor-de-alemao-resultado","status":"publish","type":"post","link":"https:\/\/internacional.ufpr.br\/portal\/2024\/03\/25\/nucli-isf-edital-de-selecao-de-professor-tutor-de-alemao-resultado\/","title":{"rendered":"Nucli \u2013 IsF: Resultado do Edital de sele\u00e7\u00e3o de professor tutor de alem\u00e3o"},"content":{"rendered":"\n<p>Acesse <a href=\"https:\/\/internacional.ufpr.br\/portal\/wp-content\/uploads\/2024\/03\/Resultado_IsF_Alemao_2024.1.pdf\">aqui<\/a> o resultado do edital de sele\u00e7\u00e3o de professor tutor para a \u00e1rea de alem\u00e3o junto N\u00facleo de Idiomas Isf na UFPR.<\/p>\n","protected":false},"excerpt":{"rendered":"<p>Acesse aqui o resultado do edital de sele\u00e7\u00e3o de professor tutor para a \u00e1rea de alem\u00e3o junto N\u00facleo de Idiomas Isf na UFPR.<\/p>\n","protected":false},"author":12,"featured_media":0,"comment_status":"open","ping_status":"open","sticky":false,"template":"","format":"standard","meta":{"_acf_changed":false,"footnotes":""},"categories":[6],"tags":[],"class_list":["post-7035","post","type-post","status-publish","format-standard","hentry","category-noticias"],"acf":[],"_links":{"self":[{"href":"https:\/\/internacional.ufpr.br\/portal\/wp-json\/wp\/v2\/posts\/7035","targetHints":{"allow":["GET"]}}],"collection":[{"href":"https:\/\/internacional.ufpr.br\/portal\/wp-json\/wp\/v2\/posts"}],"about":[{"href":"https:\/\/internacional.ufpr.br\/portal\/wp-json\/wp\/v2\/types\/post"}],"author":[{"embeddable":true,"href":"https:\/\/internacional.ufpr.br\/portal\/wp-json\/wp\/v2\/users\/12"}],"replies":[{"embeddable":true,"href":"https:\/\/internacional.ufpr.br\/portal\/wp-json\/wp\/v2\/comments?post=7035"}],"version-history":[{"count":2,"href":"https:\/\/internacional.ufpr.br\/portal\/wp-json\/wp\/v2\/posts\/7035\/revisions"}],"predecessor-version":[{"id":7048,"href":"https:\/\/internacional.ufpr.br\/portal\/wp-json\/wp\/v2\/posts\/7035\/revisions\/7048"}],"wp:attachment":[{"href":"https:\/\/internacional.ufpr.br\/portal\/wp-json\/wp\/v2\/media?parent=7035"}],"wp:term":[{"taxonomy":"category","embeddable":true,"href":"https:\/\/internacional.ufpr.br\/portal\/wp-json\/wp\/v2\/categories?post=7035"},{"taxonomy":"post_tag","embeddable":true,"href":"https:\/\/internacional.ufpr.br\/portal\/wp-json\/wp\/v2\/tags?post=7035"}],"curies":[{"name":"wp","href":"https:\/\/api.w.org\/{rel}","templated":true}]}}