{"id":703,"date":"2018-02-19T09:47:24","date_gmt":"2018-02-19T12:47:24","guid":{"rendered":"http:\/\/internacional.ufpr.br\/portal\/?p=703"},"modified":"2018-02-22T08:09:20","modified_gmt":"2018-02-22T11:09:20","slug":"bolsas-convocatorias-de-instituicoes-parceiras","status":"publish","type":"post","link":"https:\/\/internacional.ufpr.br\/portal\/2018\/02\/19\/bolsas-convocatorias-de-instituicoes-parceiras\/","title":{"rendered":"BOLSAS: Convocat\u00f3rias de institui\u00e7\u00f5es parceiras"},"content":{"rendered":"<p>Est\u00e3o dispon\u00edveis algumas op\u00e7\u00f5es de bolsas oferecidas por institui\u00e7\u00f5es parceiras da UFPR.<\/p>\n<p>&nbsp;<\/p>\n<p><strong>Universidad de La Rioja oferece bolsa para Cursos de L\u00edngua e Cultura Espanholas<\/strong><\/p>\n<p>O Edital est\u00e1 aberto no per\u00edodo de 12 de fevereiro at\u00e9 14 horas (hora espanhola) o dia 9 de abril de 2018. Informa\u00e7\u00f5es e inscri\u00e7\u00f5es na p\u00e1gina da <a href=\"https:\/\/fundacion.unirioja.es\/espanol_secciones\/view\/47\">convocat\u00f3ria<\/a>.<\/p>\n<p>&nbsp;<\/p>\n<p><strong>Programa de Becas para Profesores e Investigadores J\u00f3venes de Universidades Latinoamericanas do Coimbra Group<\/strong><\/p>\n<p>As inscri\u00e7\u00f5es ficam abertas at\u00e9 o dia 16 de mar\u00e7o de 2018.\u00a0Informa\u00e7\u00f5es e inscri\u00e7\u00f5es est\u00e3o dispon\u00edveis no site do <a href=\"http:\/\/www.coimbra-group.eu\/index.php?page=latin-america-la\">programa<\/a>.<\/p>\n<p>&nbsp;<\/p>\n<p>&nbsp;<\/p>\n<p>&nbsp;<\/p>\n<p>&nbsp;<\/p>\n<p>&nbsp;<\/p>\n","protected":false},"excerpt":{"rendered":"<p>Est\u00e3o dispon\u00edveis algumas op\u00e7\u00f5es de bolsas oferecidas por institui\u00e7\u00f5es parceiras da UFPR. &nbsp; Universidad de La Rioja oferece bolsa para Cursos de L\u00edngua e Cultura Espanholas O Edital est\u00e1 aberto no per\u00edodo de 12 de fevereiro at\u00e9 14 horas (hora espanhola) o dia 9 de abril de 2018. Informa\u00e7\u00f5es e inscri\u00e7\u00f5es na p\u00e1gina da convocat\u00f3ria. [&hellip;]<\/p>\n","protected":false},"author":12,"featured_media":0,"comment_status":"open","ping_status":"open","sticky":false,"template":"","format":"standard","meta":{"_acf_changed":false,"footnotes":""},"categories":[6],"tags":[43,29,30,28],"class_list":["post-703","post","type-post","status-publish","format-standard","hentry","category-noticias","tag-bolsas","tag-discente","tag-docente","tag-mobilidade"],"acf":[],"_links":{"self":[{"href":"https:\/\/internacional.ufpr.br\/portal\/wp-json\/wp\/v2\/posts\/703","targetHints":{"allow":["GET"]}}],"collection":[{"href":"https:\/\/internacional.ufpr.br\/portal\/wp-json\/wp\/v2\/posts"}],"about":[{"href":"https:\/\/internacional.ufpr.br\/portal\/wp-json\/wp\/v2\/types\/post"}],"author":[{"embeddable":true,"href":"https:\/\/internacional.ufpr.br\/portal\/wp-json\/wp\/v2\/users\/12"}],"replies":[{"embeddable":true,"href":"https:\/\/internacional.ufpr.br\/portal\/wp-json\/wp\/v2\/comments?post=703"}],"version-history":[{"count":6,"href":"https:\/\/internacional.ufpr.br\/portal\/wp-json\/wp\/v2\/posts\/703\/revisions"}],"predecessor-version":[{"id":714,"href":"https:\/\/internacional.ufpr.br\/portal\/wp-json\/wp\/v2\/posts\/703\/revisions\/714"}],"wp:attachment":[{"href":"https:\/\/internacional.ufpr.br\/portal\/wp-json\/wp\/v2\/media?parent=703"}],"wp:term":[{"taxonomy":"category","embeddable":true,"href":"https:\/\/internacional.ufpr.br\/portal\/wp-json\/wp\/v2\/categories?post=703"},{"taxonomy":"post_tag","embeddable":true,"href":"https:\/\/internacional.ufpr.br\/portal\/wp-json\/wp\/v2\/tags?post=703"}],"curies":[{"name":"wp","href":"https:\/\/api.w.org\/{rel}","templated":true}]}}