{"id":6814,"date":"2023-12-21T20:20:04","date_gmt":"2023-12-21T23:20:04","guid":{"rendered":"https:\/\/internacional.ufpr.br\/portal\/?p=6814"},"modified":"2024-02-05T11:11:43","modified_gmt":"2024-02-05T14:11:43","slug":"programa-japao-instituto-educacional-kake-curta-duracao-2024-resultado","status":"publish","type":"post","link":"https:\/\/internacional.ufpr.br\/portal\/2023\/12\/21\/programa-japao-instituto-educacional-kake-curta-duracao-2024-resultado\/","title":{"rendered":"KAKE: Programa Jap\u00e3o \u2013 Instituto Educacional Kak\u00ea \u2013 curta dura\u00e7\u00e3o 2024. RESULTADO"},"content":{"rendered":"\n<p>A AUI torna p\u00fablico o resultado da sele\u00e7\u00e3o para a participa\u00e7\u00e3o do Programa Jap\u00e3o &#8211; Instituto Educacional Kak\u00ea &#8211; previsto para junho\/julho de 2024.<\/p>\n\n\n\n<p>Abaixo seguem os GRR dos selecionados para o programa:<\/p>\n\n\n\n<figure class=\"wp-block-table\"><table><tbody><tr><td>1<\/td><td>GRR20194159<\/td><\/tr><tr><td>2<\/td><td>GRR20195486<\/td><\/tr><tr><td>3<\/td><td>GRR20230899<\/td><\/tr><tr><td>4<\/td><td>GRR20230700<\/td><\/tr><\/tbody><\/table><\/figure>\n\n\n\n<p>Abaixo segue a lista de espera, em caso de desist\u00eancia dos selecionados:<\/p>\n\n\n\n<figure class=\"wp-block-table\"><table><tbody><tr><td>1<\/td><td>GRR20202284<\/td><\/tr><tr><td>2<\/td><td>GRR20231598<\/td><\/tr><tr><td>3<\/td><td>GRR20230362<\/td><\/tr><tr><td>4<\/td><td>GRR20183554<\/td><\/tr><tr><td>5<\/td><td>GRR20194844<\/td><\/tr><tr><td>6<\/td><td>GRR20162090<\/td><\/tr><tr><td>7<\/td><td>GRR20223115<\/td><\/tr><\/tbody><\/table><\/figure>\n\n\n\n<p>A AUI parabeniza os selecionados e informa que entrar\u00e1 em contato, para os tr\u00e2mites necess\u00e1rios \u00e0 realiza\u00e7\u00e3o da mobilidade.<\/p>\n\n\n\n<p><\/p>\n","protected":false},"excerpt":{"rendered":"<p>A AUI torna p\u00fablico o resultado da sele\u00e7\u00e3o para a participa\u00e7\u00e3o do Programa Jap\u00e3o &#8211; Instituto Educacional Kak\u00ea &#8211; previsto para junho\/julho de 2024. Abaixo seguem os GRR dos selecionados para o programa: 1 GRR20194159 2 GRR20195486 3 GRR20230899 4 GRR20230700 Abaixo segue a lista de espera, em caso de desist\u00eancia dos selecionados: 1 GRR20202284 [&hellip;]<\/p>\n","protected":false},"author":12,"featured_media":0,"comment_status":"open","ping_status":"open","sticky":false,"template":"","format":"standard","meta":{"_acf_changed":false,"footnotes":""},"categories":[6],"tags":[],"class_list":["post-6814","post","type-post","status-publish","format-standard","hentry","category-noticias"],"acf":[],"_links":{"self":[{"href":"https:\/\/internacional.ufpr.br\/portal\/wp-json\/wp\/v2\/posts\/6814","targetHints":{"allow":["GET"]}}],"collection":[{"href":"https:\/\/internacional.ufpr.br\/portal\/wp-json\/wp\/v2\/posts"}],"about":[{"href":"https:\/\/internacional.ufpr.br\/portal\/wp-json\/wp\/v2\/types\/post"}],"author":[{"embeddable":true,"href":"https:\/\/internacional.ufpr.br\/portal\/wp-json\/wp\/v2\/users\/12"}],"replies":[{"embeddable":true,"href":"https:\/\/internacional.ufpr.br\/portal\/wp-json\/wp\/v2\/comments?post=6814"}],"version-history":[{"count":2,"href":"https:\/\/internacional.ufpr.br\/portal\/wp-json\/wp\/v2\/posts\/6814\/revisions"}],"predecessor-version":[{"id":6816,"href":"https:\/\/internacional.ufpr.br\/portal\/wp-json\/wp\/v2\/posts\/6814\/revisions\/6816"}],"wp:attachment":[{"href":"https:\/\/internacional.ufpr.br\/portal\/wp-json\/wp\/v2\/media?parent=6814"}],"wp:term":[{"taxonomy":"category","embeddable":true,"href":"https:\/\/internacional.ufpr.br\/portal\/wp-json\/wp\/v2\/categories?post=6814"},{"taxonomy":"post_tag","embeddable":true,"href":"https:\/\/internacional.ufpr.br\/portal\/wp-json\/wp\/v2\/tags?post=6814"}],"curies":[{"name":"wp","href":"https:\/\/api.w.org\/{rel}","templated":true}]}}