{"id":6731,"date":"2023-10-24T15:15:28","date_gmt":"2023-10-24T18:15:28","guid":{"rendered":"https:\/\/internacional.ufpr.br\/portal\/?p=6731"},"modified":"2023-10-27T15:48:22","modified_gmt":"2023-10-27T18:48:22","slug":"nucli-isf-cursos-gratuitos-de-alemao-para-internacionalizacao-3","status":"publish","type":"post","link":"https:\/\/internacional.ufpr.br\/portal\/2023\/10\/24\/nucli-isf-cursos-gratuitos-de-alemao-para-internacionalizacao-3\/","title":{"rendered":"Nucli \u2013 IsF: Cursos gratuitos de Alem\u00e3o para internacionaliza\u00e7\u00e3o."},"content":{"rendered":"\n<figure class=\"wp-block-image size-large\"><img loading=\"lazy\" decoding=\"async\" width=\"1024\" height=\"1024\" src=\"https:\/\/internacional.ufpr.br\/portal\/wp-content\/uploads\/2023\/10\/Online-4-1024x1024.png\" alt=\"\" class=\"wp-image-6734\" srcset=\"https:\/\/internacional.ufpr.br\/portal\/wp-content\/uploads\/2023\/10\/Online-4-1024x1024.png 1024w, https:\/\/internacional.ufpr.br\/portal\/wp-content\/uploads\/2023\/10\/Online-4-300x300.png 300w, https:\/\/internacional.ufpr.br\/portal\/wp-content\/uploads\/2023\/10\/Online-4-150x150.png 150w, https:\/\/internacional.ufpr.br\/portal\/wp-content\/uploads\/2023\/10\/Online-4-768x768.png 768w, https:\/\/internacional.ufpr.br\/portal\/wp-content\/uploads\/2023\/10\/Online-4-10x10.png 10w, https:\/\/internacional.ufpr.br\/portal\/wp-content\/uploads\/2023\/10\/Online-4.png 1080w\" sizes=\"auto, (max-width: 1024px) 100vw, 1024px\" \/><\/figure>\n\n\n\n<p>A \u00c1rea de Alem\u00e3o do N\u00facleo de Idiomas da Rede Andifes IsF na UFPR \/ Idiomas sem Fronteiras (IsF) torna p\u00fablica a nova oferta de cursos online para fins de internacionaliza\u00e7\u00e3o.<\/p>\n\n\n\n<p>As inscri\u00e7\u00f5es poder\u00e3o ser realizadas nos dias 30 e 31 de outubro, pelo&nbsp;<a href=\"https:\/\/forms.gle\/CuWA4uhHfrfJX3ph8\">link<\/a>.<\/p>\n\n\n\n<p><strong>&nbsp;<\/strong>O curso ser\u00e1: <strong>Aprender alem\u00e3o atrav\u00e9s da literatura e cultura austr\u00edaca<\/strong>. O n\u00edvel \u00e9 o A1, ser\u00e1 ofertado na modalidade online e ter\u00e1 16 horas de dura\u00e7\u00e3o.<\/p>\n\n\n\n<p>Para maiores informa\u00e7\u00f5es, acesse o\u00a0<a href=\"https:\/\/internacional.ufpr.br\/portal\/wp-content\/uploads\/2023\/10\/Edital-07-alemao-novembro-2023.pdf\">edital<\/a>.<\/p>\n\n\n\n<p>d\u00favidas a respeito do curso? Escreva para thiago.mariano@programaisf.pro.br<\/p>\n","protected":false},"excerpt":{"rendered":"<p>A \u00c1rea de Alem\u00e3o do N\u00facleo de Idiomas da Rede Andifes IsF na UFPR \/ Idiomas sem Fronteiras (IsF) torna p\u00fablica a nova oferta de cursos online para fins de internacionaliza\u00e7\u00e3o. As inscri\u00e7\u00f5es poder\u00e3o ser realizadas nos dias 30 e 31 de outubro, pelo&nbsp;link. &nbsp;O curso ser\u00e1: Aprender alem\u00e3o atrav\u00e9s da literatura e cultura austr\u00edaca. [&hellip;]<\/p>\n","protected":false},"author":12,"featured_media":0,"comment_status":"open","ping_status":"open","sticky":false,"template":"","format":"standard","meta":{"_acf_changed":false,"footnotes":""},"categories":[6],"tags":[],"class_list":["post-6731","post","type-post","status-publish","format-standard","hentry","category-noticias"],"acf":[],"_links":{"self":[{"href":"https:\/\/internacional.ufpr.br\/portal\/wp-json\/wp\/v2\/posts\/6731","targetHints":{"allow":["GET"]}}],"collection":[{"href":"https:\/\/internacional.ufpr.br\/portal\/wp-json\/wp\/v2\/posts"}],"about":[{"href":"https:\/\/internacional.ufpr.br\/portal\/wp-json\/wp\/v2\/types\/post"}],"author":[{"embeddable":true,"href":"https:\/\/internacional.ufpr.br\/portal\/wp-json\/wp\/v2\/users\/12"}],"replies":[{"embeddable":true,"href":"https:\/\/internacional.ufpr.br\/portal\/wp-json\/wp\/v2\/comments?post=6731"}],"version-history":[{"count":3,"href":"https:\/\/internacional.ufpr.br\/portal\/wp-json\/wp\/v2\/posts\/6731\/revisions"}],"predecessor-version":[{"id":6744,"href":"https:\/\/internacional.ufpr.br\/portal\/wp-json\/wp\/v2\/posts\/6731\/revisions\/6744"}],"wp:attachment":[{"href":"https:\/\/internacional.ufpr.br\/portal\/wp-json\/wp\/v2\/media?parent=6731"}],"wp:term":[{"taxonomy":"category","embeddable":true,"href":"https:\/\/internacional.ufpr.br\/portal\/wp-json\/wp\/v2\/categories?post=6731"},{"taxonomy":"post_tag","embeddable":true,"href":"https:\/\/internacional.ufpr.br\/portal\/wp-json\/wp\/v2\/tags?post=6731"}],"curies":[{"name":"wp","href":"https:\/\/api.w.org\/{rel}","templated":true}]}}