{"id":6676,"date":"2023-09-22T16:35:38","date_gmt":"2023-09-22T19:35:38","guid":{"rendered":"https:\/\/internacional.ufpr.br\/portal\/?p=6676"},"modified":"2023-10-24T08:59:21","modified_gmt":"2023-10-24T11:59:21","slug":"nucli-isf-resultado-de-edital-de-selecao-de-professor-tutor-para-a-area-de-pla","status":"publish","type":"post","link":"https:\/\/internacional.ufpr.br\/portal\/2023\/09\/22\/nucli-isf-resultado-de-edital-de-selecao-de-professor-tutor-para-a-area-de-pla\/","title":{"rendered":"Nucli &#8211; IsF: Resultado de edital de sele\u00e7\u00e3o de professor tutor para a \u00e1rea de PLA"},"content":{"rendered":"\n<p>Acesse <a href=\"https:\/\/internacional.ufpr.br\/portal\/wp-content\/uploads\/2023\/09\/EDITAL-DE-RESULTADO-dos-bolsistas-por-tempo-determinado.pdf\">aqui<\/a> o resultado do edital.<\/p>\n","protected":false},"excerpt":{"rendered":"<p>Acesse aqui o resultado do edital.<\/p>\n","protected":false},"author":12,"featured_media":0,"comment_status":"open","ping_status":"open","sticky":false,"template":"","format":"standard","meta":{"_acf_changed":false,"footnotes":""},"categories":[6],"tags":[],"class_list":["post-6676","post","type-post","status-publish","format-standard","hentry","category-noticias"],"acf":[],"_links":{"self":[{"href":"https:\/\/internacional.ufpr.br\/portal\/wp-json\/wp\/v2\/posts\/6676","targetHints":{"allow":["GET"]}}],"collection":[{"href":"https:\/\/internacional.ufpr.br\/portal\/wp-json\/wp\/v2\/posts"}],"about":[{"href":"https:\/\/internacional.ufpr.br\/portal\/wp-json\/wp\/v2\/types\/post"}],"author":[{"embeddable":true,"href":"https:\/\/internacional.ufpr.br\/portal\/wp-json\/wp\/v2\/users\/12"}],"replies":[{"embeddable":true,"href":"https:\/\/internacional.ufpr.br\/portal\/wp-json\/wp\/v2\/comments?post=6676"}],"version-history":[{"count":3,"href":"https:\/\/internacional.ufpr.br\/portal\/wp-json\/wp\/v2\/posts\/6676\/revisions"}],"predecessor-version":[{"id":6730,"href":"https:\/\/internacional.ufpr.br\/portal\/wp-json\/wp\/v2\/posts\/6676\/revisions\/6730"}],"wp:attachment":[{"href":"https:\/\/internacional.ufpr.br\/portal\/wp-json\/wp\/v2\/media?parent=6676"}],"wp:term":[{"taxonomy":"category","embeddable":true,"href":"https:\/\/internacional.ufpr.br\/portal\/wp-json\/wp\/v2\/categories?post=6676"},{"taxonomy":"post_tag","embeddable":true,"href":"https:\/\/internacional.ufpr.br\/portal\/wp-json\/wp\/v2\/tags?post=6676"}],"curies":[{"name":"wp","href":"https:\/\/api.w.org\/{rel}","templated":true}]}}