{"id":6540,"date":"2023-08-14T15:45:58","date_gmt":"2023-08-14T18:45:58","guid":{"rendered":"https:\/\/internacional.ufpr.br\/portal\/?p=6540"},"modified":"2023-08-14T15:45:59","modified_gmt":"2023-08-14T18:45:59","slug":"isf-resultado-do-edital-de-selecao-de-professor-tutor-de-espanhol","status":"publish","type":"post","link":"https:\/\/internacional.ufpr.br\/portal\/2023\/08\/14\/isf-resultado-do-edital-de-selecao-de-professor-tutor-de-espanhol\/","title":{"rendered":"ISF: Resultado do Edital de sele\u00e7\u00e3o de professor tutor de espanhol"},"content":{"rendered":"\n<p>O N\u00facleo de Idiomas da Rede Andifes IsF na UFPR torna p\u00fablico o resultado do edital de sele\u00e7\u00e3o de professor tutor para a \u00e1rea de espanhol.<\/p>\n\n\n\n<p><a href=\"https:\/\/internacional.ufpr.br\/portal\/wp-content\/uploads\/2023\/08\/RESULTADO_assinado.pdf\" target=\"_blank\" rel=\"noreferrer noopener\">Confira AQUI<\/a><\/p>\n","protected":false},"excerpt":{"rendered":"<p>O N\u00facleo de Idiomas da Rede Andifes IsF na UFPR torna p\u00fablico o resultado do edital de sele\u00e7\u00e3o de professor tutor para a \u00e1rea de espanhol. Confira AQUI<\/p>\n","protected":false},"author":12,"featured_media":0,"comment_status":"open","ping_status":"open","sticky":false,"template":"","format":"standard","meta":{"_acf_changed":false,"footnotes":""},"categories":[6],"tags":[],"class_list":["post-6540","post","type-post","status-publish","format-standard","hentry","category-noticias"],"acf":[],"_links":{"self":[{"href":"https:\/\/internacional.ufpr.br\/portal\/wp-json\/wp\/v2\/posts\/6540","targetHints":{"allow":["GET"]}}],"collection":[{"href":"https:\/\/internacional.ufpr.br\/portal\/wp-json\/wp\/v2\/posts"}],"about":[{"href":"https:\/\/internacional.ufpr.br\/portal\/wp-json\/wp\/v2\/types\/post"}],"author":[{"embeddable":true,"href":"https:\/\/internacional.ufpr.br\/portal\/wp-json\/wp\/v2\/users\/12"}],"replies":[{"embeddable":true,"href":"https:\/\/internacional.ufpr.br\/portal\/wp-json\/wp\/v2\/comments?post=6540"}],"version-history":[{"count":1,"href":"https:\/\/internacional.ufpr.br\/portal\/wp-json\/wp\/v2\/posts\/6540\/revisions"}],"predecessor-version":[{"id":6542,"href":"https:\/\/internacional.ufpr.br\/portal\/wp-json\/wp\/v2\/posts\/6540\/revisions\/6542"}],"wp:attachment":[{"href":"https:\/\/internacional.ufpr.br\/portal\/wp-json\/wp\/v2\/media?parent=6540"}],"wp:term":[{"taxonomy":"category","embeddable":true,"href":"https:\/\/internacional.ufpr.br\/portal\/wp-json\/wp\/v2\/categories?post=6540"},{"taxonomy":"post_tag","embeddable":true,"href":"https:\/\/internacional.ufpr.br\/portal\/wp-json\/wp\/v2\/tags?post=6540"}],"curies":[{"name":"wp","href":"https:\/\/api.w.org\/{rel}","templated":true}]}}