{"id":6387,"date":"2023-05-26T14:06:18","date_gmt":"2023-05-26T17:06:18","guid":{"rendered":"https:\/\/internacional.ufpr.br\/portal\/?p=6387"},"modified":"2023-05-26T14:07:01","modified_gmt":"2023-05-26T17:07:01","slug":"marca-edital-de-selecao-para-o-curso-de-agronomia-saida-2023-2","status":"publish","type":"post","link":"https:\/\/internacional.ufpr.br\/portal\/2023\/05\/26\/marca-edital-de-selecao-para-o-curso-de-agronomia-saida-2023-2\/","title":{"rendered":"MARCA: Edital de Sele\u00e7\u00e3o para o curso de Agronomia (Sa\u00edda 2023\/2)"},"content":{"rendered":"\n<p>A Ag\u00eancia UFPR Internacional torna p\u00fablico o edital de sele\u00e7\u00e3o de estudantes de gradua\u00e7\u00e3o para a mobilidade acad\u00eamica internacional, no \u00e2mbito no programa MARCA, com sa\u00edda prevista para o segundo semestre de 2023. Para maiores detalhalhes, acesse o <a href=\"https:\/\/internacional.ufpr.br\/portal\/wp-content\/uploads\/2023\/05\/Edital-MARCA-2023.pdf\">edital<\/a>. <\/p>\n","protected":false},"excerpt":{"rendered":"<p>A Ag\u00eancia UFPR Internacional torna p\u00fablico o edital de sele\u00e7\u00e3o de estudantes de gradua\u00e7\u00e3o para a mobilidade acad\u00eamica internacional, no \u00e2mbito no programa MARCA, com sa\u00edda prevista para o segundo semestre de 2023. Para maiores detalhalhes, acesse o edital.<\/p>\n","protected":false},"author":12,"featured_media":0,"comment_status":"open","ping_status":"open","sticky":false,"template":"","format":"standard","meta":{"_acf_changed":false,"footnotes":""},"categories":[6],"tags":[],"class_list":["post-6387","post","type-post","status-publish","format-standard","hentry","category-noticias"],"acf":[],"_links":{"self":[{"href":"https:\/\/internacional.ufpr.br\/portal\/wp-json\/wp\/v2\/posts\/6387","targetHints":{"allow":["GET"]}}],"collection":[{"href":"https:\/\/internacional.ufpr.br\/portal\/wp-json\/wp\/v2\/posts"}],"about":[{"href":"https:\/\/internacional.ufpr.br\/portal\/wp-json\/wp\/v2\/types\/post"}],"author":[{"embeddable":true,"href":"https:\/\/internacional.ufpr.br\/portal\/wp-json\/wp\/v2\/users\/12"}],"replies":[{"embeddable":true,"href":"https:\/\/internacional.ufpr.br\/portal\/wp-json\/wp\/v2\/comments?post=6387"}],"version-history":[{"count":2,"href":"https:\/\/internacional.ufpr.br\/portal\/wp-json\/wp\/v2\/posts\/6387\/revisions"}],"predecessor-version":[{"id":6390,"href":"https:\/\/internacional.ufpr.br\/portal\/wp-json\/wp\/v2\/posts\/6387\/revisions\/6390"}],"wp:attachment":[{"href":"https:\/\/internacional.ufpr.br\/portal\/wp-json\/wp\/v2\/media?parent=6387"}],"wp:term":[{"taxonomy":"category","embeddable":true,"href":"https:\/\/internacional.ufpr.br\/portal\/wp-json\/wp\/v2\/categories?post=6387"},{"taxonomy":"post_tag","embeddable":true,"href":"https:\/\/internacional.ufpr.br\/portal\/wp-json\/wp\/v2\/tags?post=6387"}],"curies":[{"name":"wp","href":"https:\/\/api.w.org\/{rel}","templated":true}]}}