{"id":6368,"date":"2023-05-26T08:58:01","date_gmt":"2023-05-26T11:58:01","guid":{"rendered":"https:\/\/internacional.ufpr.br\/portal\/?p=6368"},"modified":"2023-05-26T09:53:46","modified_gmt":"2023-05-26T12:53:46","slug":"rede-andifes-isf-edital-de-selecao-de-professor-tutor-de-ingles","status":"publish","type":"post","link":"https:\/\/internacional.ufpr.br\/portal\/2023\/05\/26\/rede-andifes-isf-edital-de-selecao-de-professor-tutor-de-ingles\/","title":{"rendered":"ISF: Edital de sele\u00e7\u00e3o de professor tutor de ingl\u00eas"},"content":{"rendered":"\n<p>O N\u00facleo de Idiomas da Rede Andifes IsF na UFPR torna p\u00fablico o edital de sele\u00e7\u00e3o de professor tutor para a \u00e1rea de ingl\u00eas. As inscri\u00e7\u00f5es ir\u00e3o at\u00e9 o dia 28 de maio e o edital poder\u00e1 ser acessado por meio deste<a href=\"https:\/\/internacional.ufpr.br\/portal\/wp-content\/uploads\/2023\/05\/EDITAL_TUTOR-DE-INGLES_IsF_2023-1-1.pdf\"> link.<\/a><\/p>\n\n\n\n<p>Maiores informa\u00e7\u00f5es, contatar adrianabrahim@ufpr.br<\/p>\n","protected":false},"excerpt":{"rendered":"<p>O N\u00facleo de Idiomas da Rede Andifes IsF na UFPR torna p\u00fablico o edital de sele\u00e7\u00e3o de professor tutor para a \u00e1rea de ingl\u00eas. As inscri\u00e7\u00f5es ir\u00e3o at\u00e9 o dia 28 de maio e o edital poder\u00e1 ser acessado por meio deste link. Maiores informa\u00e7\u00f5es, contatar adrianabrahim@ufpr.br<\/p>\n","protected":false},"author":12,"featured_media":0,"comment_status":"open","ping_status":"open","sticky":false,"template":"","format":"standard","meta":{"_acf_changed":false,"footnotes":""},"categories":[6],"tags":[],"class_list":["post-6368","post","type-post","status-publish","format-standard","hentry","category-noticias"],"acf":[],"_links":{"self":[{"href":"https:\/\/internacional.ufpr.br\/portal\/wp-json\/wp\/v2\/posts\/6368","targetHints":{"allow":["GET"]}}],"collection":[{"href":"https:\/\/internacional.ufpr.br\/portal\/wp-json\/wp\/v2\/posts"}],"about":[{"href":"https:\/\/internacional.ufpr.br\/portal\/wp-json\/wp\/v2\/types\/post"}],"author":[{"embeddable":true,"href":"https:\/\/internacional.ufpr.br\/portal\/wp-json\/wp\/v2\/users\/12"}],"replies":[{"embeddable":true,"href":"https:\/\/internacional.ufpr.br\/portal\/wp-json\/wp\/v2\/comments?post=6368"}],"version-history":[{"count":3,"href":"https:\/\/internacional.ufpr.br\/portal\/wp-json\/wp\/v2\/posts\/6368\/revisions"}],"predecessor-version":[{"id":6378,"href":"https:\/\/internacional.ufpr.br\/portal\/wp-json\/wp\/v2\/posts\/6368\/revisions\/6378"}],"wp:attachment":[{"href":"https:\/\/internacional.ufpr.br\/portal\/wp-json\/wp\/v2\/media?parent=6368"}],"wp:term":[{"taxonomy":"category","embeddable":true,"href":"https:\/\/internacional.ufpr.br\/portal\/wp-json\/wp\/v2\/categories?post=6368"},{"taxonomy":"post_tag","embeddable":true,"href":"https:\/\/internacional.ufpr.br\/portal\/wp-json\/wp\/v2\/tags?post=6368"}],"curies":[{"name":"wp","href":"https:\/\/api.w.org\/{rel}","templated":true}]}}