{"id":6217,"date":"2023-02-24T13:36:14","date_gmt":"2023-02-24T16:36:14","guid":{"rendered":"https:\/\/internacional.ufpr.br\/portal\/?p=6217"},"modified":"2023-02-27T12:33:22","modified_gmt":"2023-02-27T15:33:22","slug":"nucli-isf-cursos-online-gratuitos-de-ingles-e-espanhol-em-ambiente-de-internacionalizacao","status":"publish","type":"post","link":"https:\/\/internacional.ufpr.br\/portal\/2023\/02\/24\/nucli-isf-cursos-online-gratuitos-de-ingles-e-espanhol-em-ambiente-de-internacionalizacao\/","title":{"rendered":"Nucli \u2013 IsF: Cursos online gratuitos de ingl\u00eas e espanhol em ambiente de internacionaliza\u00e7\u00e3o"},"content":{"rendered":"\n<figure class=\"wp-block-image size-large\"><img loading=\"lazy\" decoding=\"async\" width=\"1024\" height=\"1024\" src=\"https:\/\/internacional.ufpr.br\/portal\/wp-content\/uploads\/2023\/02\/oferta-01-de-2023-ingles-e-espanhol-com-qr-final-1024x1024.png\" alt=\"\" class=\"wp-image-6228\" srcset=\"https:\/\/internacional.ufpr.br\/portal\/wp-content\/uploads\/2023\/02\/oferta-01-de-2023-ingles-e-espanhol-com-qr-final-1024x1024.png 1024w, https:\/\/internacional.ufpr.br\/portal\/wp-content\/uploads\/2023\/02\/oferta-01-de-2023-ingles-e-espanhol-com-qr-final-300x300.png 300w, https:\/\/internacional.ufpr.br\/portal\/wp-content\/uploads\/2023\/02\/oferta-01-de-2023-ingles-e-espanhol-com-qr-final-150x150.png 150w, https:\/\/internacional.ufpr.br\/portal\/wp-content\/uploads\/2023\/02\/oferta-01-de-2023-ingles-e-espanhol-com-qr-final-768x768.png 768w, https:\/\/internacional.ufpr.br\/portal\/wp-content\/uploads\/2023\/02\/oferta-01-de-2023-ingles-e-espanhol-com-qr-final-10x10.png 10w, https:\/\/internacional.ufpr.br\/portal\/wp-content\/uploads\/2023\/02\/oferta-01-de-2023-ingles-e-espanhol-com-qr-final.png 1080w\" sizes=\"auto, (max-width: 1024px) 100vw, 1024px\" \/><\/figure>\n\n\n\n<p>A Rede Andifes IsF na UFPR abre vagas para os cursos online de ingl\u00eas e espanhol em ambiente de internacionaliza\u00e7\u00e3o. S\u00e3o 250 vagas distribu\u00eddas em 10 cursos diferentes. As inscri\u00e7\u00f5es poder\u00e3o ser feitas a partir das 12h do dia 27 de fevereiro at\u00e9 as 12h do dia 1o de mar\u00e7o.<\/p>\n\n\n\n<p>Acesse <a href=\"https:\/\/internacional.ufpr.br\/portal\/wp-content\/uploads\/2023\/02\/Edital-01_para_ocupacao_de_vagas_IsF_ingles-e-espanhol-fev-2023-2.pdf\">aqui<\/a> o edital e veja quais s\u00e3o os cursos ofertados, hor\u00e1rios, assim como o link para as inscri\u00e7\u00f5es.<\/p>\n\n\n\n<p>D\u00favidas com rela\u00e7\u00e3o aos cursos de ingl\u00eas? Escreva para <strong>adriana.brahim@programaisf.pro.br<\/strong><\/p>\n\n\n\n<p>D\u00favidas com rela\u00e7\u00e3o aos cursos de espanhol? Escreva para <strong>cristina.cardoso@programaisf.pro.br<\/strong><\/p>\n\n\n\n<p><\/p>\n","protected":false},"excerpt":{"rendered":"<p>A Rede Andifes IsF na UFPR abre vagas para os cursos online de ingl\u00eas e espanhol em ambiente de internacionaliza\u00e7\u00e3o. S\u00e3o 250 vagas distribu\u00eddas em 10 cursos diferentes. As inscri\u00e7\u00f5es poder\u00e3o ser feitas a partir das 12h do dia 27 de fevereiro at\u00e9 as 12h do dia 1o de mar\u00e7o. Acesse aqui o edital e [&hellip;]<\/p>\n","protected":false},"author":12,"featured_media":0,"comment_status":"open","ping_status":"open","sticky":false,"template":"","format":"standard","meta":{"_acf_changed":false,"footnotes":""},"categories":[6],"tags":[161,162,155,157],"class_list":["post-6217","post","type-post","status-publish","format-standard","hentry","category-noticias","tag-cursos-de-idiomas","tag-cursos-gratuitos","tag-isf_ufpr","tag-rede_andifes_isf"],"acf":[],"_links":{"self":[{"href":"https:\/\/internacional.ufpr.br\/portal\/wp-json\/wp\/v2\/posts\/6217","targetHints":{"allow":["GET"]}}],"collection":[{"href":"https:\/\/internacional.ufpr.br\/portal\/wp-json\/wp\/v2\/posts"}],"about":[{"href":"https:\/\/internacional.ufpr.br\/portal\/wp-json\/wp\/v2\/types\/post"}],"author":[{"embeddable":true,"href":"https:\/\/internacional.ufpr.br\/portal\/wp-json\/wp\/v2\/users\/12"}],"replies":[{"embeddable":true,"href":"https:\/\/internacional.ufpr.br\/portal\/wp-json\/wp\/v2\/comments?post=6217"}],"version-history":[{"count":7,"href":"https:\/\/internacional.ufpr.br\/portal\/wp-json\/wp\/v2\/posts\/6217\/revisions"}],"predecessor-version":[{"id":6231,"href":"https:\/\/internacional.ufpr.br\/portal\/wp-json\/wp\/v2\/posts\/6217\/revisions\/6231"}],"wp:attachment":[{"href":"https:\/\/internacional.ufpr.br\/portal\/wp-json\/wp\/v2\/media?parent=6217"}],"wp:term":[{"taxonomy":"category","embeddable":true,"href":"https:\/\/internacional.ufpr.br\/portal\/wp-json\/wp\/v2\/categories?post=6217"},{"taxonomy":"post_tag","embeddable":true,"href":"https:\/\/internacional.ufpr.br\/portal\/wp-json\/wp\/v2\/tags?post=6217"}],"curies":[{"name":"wp","href":"https:\/\/api.w.org\/{rel}","templated":true}]}}