{"id":6015,"date":"2022-09-21T09:25:09","date_gmt":"2022-09-21T12:25:09","guid":{"rendered":"https:\/\/internacional.ufpr.br\/portal\/?p=6015"},"modified":"2022-11-16T10:24:46","modified_gmt":"2022-11-16T13:24:46","slug":"erasmus-mobilidade-discente-de-pos-graduacao-ppgea-ufpr","status":"publish","type":"post","link":"https:\/\/internacional.ufpr.br\/portal\/2022\/09\/21\/erasmus-mobilidade-discente-de-pos-graduacao-ppgea-ufpr\/","title":{"rendered":"ERASMUS+: Mobilidade Discente de P\u00f3s Gradua\u00e7\u00e3o PPGEA\/UFPR"},"content":{"rendered":"<div class=\"wp-block-image\">\n<figure class=\"alignleft size-full\"><img loading=\"lazy\" decoding=\"async\" width=\"292\" height=\"138\" src=\"https:\/\/internacional.ufpr.br\/portal\/wp-content\/uploads\/2022\/09\/image-2.png\" alt=\"\" class=\"wp-image-6018\" srcset=\"https:\/\/internacional.ufpr.br\/portal\/wp-content\/uploads\/2022\/09\/image-2.png 292w, https:\/\/internacional.ufpr.br\/portal\/wp-content\/uploads\/2022\/09\/image-2-21x10.png 21w\" sizes=\"auto, (max-width: 292px) 100vw, 292px\" \/><\/figure>\n<\/div>\n\n\n<p>O projeto Erasmus+ learning mobility tem duas vagas dispon\u00edveis para discentes do Programa de P\u00f3s-Gradua\u00e7\u00e3o em Engenharia Ambiental da UFPR, n\u00edvel mestrado ou doutorado. As atividades na EM\u00dc ter\u00e3o supervis\u00e3o do professor Steffen Manfred Noe, coordenador da esta\u00e7\u00e3o SMEAR Estonia e ser\u00e3o desenvolvidas na <a href=\"https:\/\/www.emu.ee\/en\/\" data-type=\"URL\" data-id=\"https:\/\/www.emu.ee\/en\/\" target=\"_blank\" rel=\"noreferrer noopener\">Estonian\u00a0University of Life Sciences<\/a>.\u00a0<\/p>\n\n\n\n<p>Os pr\u00e9-requisitos do(a) canditato(a) s\u00e3o:<br>\u2022 Estar matriculado como discente de mestrado ou doutorado no Programa de P\u00f3s-Gradua\u00e7\u00e3o em Engenharia Ambiental &#8211; PPGEA.<\/p>\n\n\n\n<p><strong>As inscri\u00e7\u00f5es v\u00e3o at\u00e9 26\/09\/2022 \u00e0s 23h59.<\/strong><\/p>\n\n\n\n<p><strong><a href=\"https:\/\/internacional.ufpr.br\/portal\/wp-content\/uploads\/2022\/09\/Edital_mobilidade_UFPR-EMU_2022-2023_v01.pdf\" target=\"_blank\" rel=\"noreferrer noopener\">Edital aqui<\/a><\/strong><\/p>\n","protected":false},"excerpt":{"rendered":"<p>O projeto Erasmus+ learning mobility tem duas vagas dispon\u00edveis para discentes do Programa de P\u00f3s-Gradua\u00e7\u00e3o em Engenharia Ambiental da UFPR, n\u00edvel mestrado ou doutorado. As atividades na EM\u00dc ter\u00e3o supervis\u00e3o do professor Steffen Manfred Noe, coordenador da esta\u00e7\u00e3o SMEAR Estonia e ser\u00e3o desenvolvidas na Estonian\u00a0University of Life Sciences.\u00a0 Os pr\u00e9-requisitos do(a) canditato(a) s\u00e3o:\u2022 Estar matriculado [&hellip;]<\/p>\n","protected":false},"author":12,"featured_media":0,"comment_status":"open","ping_status":"open","sticky":false,"template":"","format":"standard","meta":{"_acf_changed":false,"footnotes":""},"categories":[6],"tags":[57,37,51],"class_list":["post-6015","post","type-post","status-publish","format-standard","hentry","category-noticias","tag-erasmus","tag-mobilidade-academica-internacional","tag-pos-graduacao"],"acf":[],"_links":{"self":[{"href":"https:\/\/internacional.ufpr.br\/portal\/wp-json\/wp\/v2\/posts\/6015","targetHints":{"allow":["GET"]}}],"collection":[{"href":"https:\/\/internacional.ufpr.br\/portal\/wp-json\/wp\/v2\/posts"}],"about":[{"href":"https:\/\/internacional.ufpr.br\/portal\/wp-json\/wp\/v2\/types\/post"}],"author":[{"embeddable":true,"href":"https:\/\/internacional.ufpr.br\/portal\/wp-json\/wp\/v2\/users\/12"}],"replies":[{"embeddable":true,"href":"https:\/\/internacional.ufpr.br\/portal\/wp-json\/wp\/v2\/comments?post=6015"}],"version-history":[{"count":6,"href":"https:\/\/internacional.ufpr.br\/portal\/wp-json\/wp\/v2\/posts\/6015\/revisions"}],"predecessor-version":[{"id":6024,"href":"https:\/\/internacional.ufpr.br\/portal\/wp-json\/wp\/v2\/posts\/6015\/revisions\/6024"}],"wp:attachment":[{"href":"https:\/\/internacional.ufpr.br\/portal\/wp-json\/wp\/v2\/media?parent=6015"}],"wp:term":[{"taxonomy":"category","embeddable":true,"href":"https:\/\/internacional.ufpr.br\/portal\/wp-json\/wp\/v2\/categories?post=6015"},{"taxonomy":"post_tag","embeddable":true,"href":"https:\/\/internacional.ufpr.br\/portal\/wp-json\/wp\/v2\/tags?post=6015"}],"curies":[{"name":"wp","href":"https:\/\/api.w.org\/{rel}","templated":true}]}}