{"id":5855,"date":"2022-08-02T14:25:41","date_gmt":"2022-08-02T17:25:41","guid":{"rendered":"https:\/\/internacional.ufpr.br\/portal\/?p=5855"},"modified":"2022-08-22T14:10:22","modified_gmt":"2022-08-22T17:10:22","slug":"nucli-isf-da-ufpr-abre-edital-para-selecao-de-professor-tutor-de-ingles-edital-prorrogado","status":"publish","type":"post","link":"https:\/\/internacional.ufpr.br\/portal\/2022\/08\/02\/nucli-isf-da-ufpr-abre-edital-para-selecao-de-professor-tutor-de-ingles-edital-prorrogado\/","title":{"rendered":"Nucli \u2013 IsF: Edital para sele\u00e7\u00e3o de professor tutor de ingl\u00eas &#8211; EDITAL PRORROGADO"},"content":{"rendered":"\n<p>Acesse <a href=\"https:\/\/internacional.ufpr.br\/portal\/wp-content\/uploads\/2022\/08\/EDITAL_TUTOR-DE-INGLES_IsF_2022_prorrogacao.pdf\">aqui<\/a> o edital prorrogado para a sele\u00e7\u00e3o de professor tutor de ingl\u00eas junto \u00e0 Rede Andifes Isf &#8211; UFPR.<\/p>\n","protected":false},"excerpt":{"rendered":"<p>Acesse aqui o edital prorrogado para a sele\u00e7\u00e3o de professor tutor de ingl\u00eas junto \u00e0 Rede Andifes Isf &#8211; UFPR.<\/p>\n","protected":false},"author":12,"featured_media":0,"comment_status":"open","ping_status":"open","sticky":false,"template":"","format":"standard","meta":{"_acf_changed":false,"footnotes":""},"categories":[6],"tags":[],"class_list":["post-5855","post","type-post","status-publish","format-standard","hentry","category-noticias"],"acf":[],"_links":{"self":[{"href":"https:\/\/internacional.ufpr.br\/portal\/wp-json\/wp\/v2\/posts\/5855","targetHints":{"allow":["GET"]}}],"collection":[{"href":"https:\/\/internacional.ufpr.br\/portal\/wp-json\/wp\/v2\/posts"}],"about":[{"href":"https:\/\/internacional.ufpr.br\/portal\/wp-json\/wp\/v2\/types\/post"}],"author":[{"embeddable":true,"href":"https:\/\/internacional.ufpr.br\/portal\/wp-json\/wp\/v2\/users\/12"}],"replies":[{"embeddable":true,"href":"https:\/\/internacional.ufpr.br\/portal\/wp-json\/wp\/v2\/comments?post=5855"}],"version-history":[{"count":3,"href":"https:\/\/internacional.ufpr.br\/portal\/wp-json\/wp\/v2\/posts\/5855\/revisions"}],"predecessor-version":[{"id":5892,"href":"https:\/\/internacional.ufpr.br\/portal\/wp-json\/wp\/v2\/posts\/5855\/revisions\/5892"}],"wp:attachment":[{"href":"https:\/\/internacional.ufpr.br\/portal\/wp-json\/wp\/v2\/media?parent=5855"}],"wp:term":[{"taxonomy":"category","embeddable":true,"href":"https:\/\/internacional.ufpr.br\/portal\/wp-json\/wp\/v2\/categories?post=5855"},{"taxonomy":"post_tag","embeddable":true,"href":"https:\/\/internacional.ufpr.br\/portal\/wp-json\/wp\/v2\/tags?post=5855"}],"curies":[{"name":"wp","href":"https:\/\/api.w.org\/{rel}","templated":true}]}}