{"id":5692,"date":"2022-05-10T13:42:00","date_gmt":"2022-05-10T16:42:00","guid":{"rendered":"https:\/\/internacional.ufpr.br\/portal\/?p=5692"},"modified":"2023-12-27T05:07:40","modified_gmt":"2023-12-27T08:07:40","slug":"edital-augm-resultado","status":"publish","type":"post","link":"https:\/\/internacional.ufpr.br\/portal\/2022\/05\/10\/edital-augm-resultado\/","title":{"rendered":"AUGM: Edital AUGM &#8211; Resultado"},"content":{"rendered":"\n<p>A AUI divulga os selecionados para o Programa ESCALA de Estudantes de Gradua\u00e7\u00e3o AUGM &#8211; SA\u00cdDA prevista no 2\u00ba SEMESTRE de 2022 &#8211; EDITAL AUI n\u00ba 03 de 11 de abril de 2022.<\/p>\n\n\n\n<p>RESULTADO FINAL &#8211; CLASSIFICA\u00c7\u00c3O<\/p>\n\n\n\n<p>1\u00ba &#8211; GRR20181507<\/p>\n\n\n\n<p>2\u00ba &#8211; GRR20186007<\/p>\n\n\n\n<p>3\u00ba &#8211; GRR20190683<\/p>\n\n\n\n<p>4\u00ba &#8211; GRR20206204<br><\/p>\n\n\n\n<p> Os GRRs selecionados ser\u00e3o contatados pela Ag\u00eancia Internacional para orienta\u00e7\u00f5es.<\/p>\n","protected":false},"excerpt":{"rendered":"<p>A AUI divulga os selecionados para o Programa ESCALA de Estudantes de Gradua\u00e7\u00e3o AUGM &#8211; SA\u00cdDA prevista no 2\u00ba SEMESTRE de 2022 &#8211; EDITAL AUI n\u00ba 03 de 11 de abril de 2022. RESULTADO FINAL &#8211; CLASSIFICA\u00c7\u00c3O 1\u00ba &#8211; GRR20181507 2\u00ba &#8211; GRR20186007 3\u00ba &#8211; GRR20190683 4\u00ba &#8211; GRR20206204 Os GRRs selecionados ser\u00e3o contatados pela [&hellip;]<\/p>\n","protected":false},"author":12,"featured_media":0,"comment_status":"open","ping_status":"open","sticky":false,"template":"","format":"standard","meta":{"_acf_changed":false,"footnotes":""},"categories":[6],"tags":[32,23],"class_list":["post-5692","post","type-post","status-publish","format-standard","hentry","category-noticias","tag-augm","tag-editais"],"acf":[],"_links":{"self":[{"href":"https:\/\/internacional.ufpr.br\/portal\/wp-json\/wp\/v2\/posts\/5692","targetHints":{"allow":["GET"]}}],"collection":[{"href":"https:\/\/internacional.ufpr.br\/portal\/wp-json\/wp\/v2\/posts"}],"about":[{"href":"https:\/\/internacional.ufpr.br\/portal\/wp-json\/wp\/v2\/types\/post"}],"author":[{"embeddable":true,"href":"https:\/\/internacional.ufpr.br\/portal\/wp-json\/wp\/v2\/users\/12"}],"replies":[{"embeddable":true,"href":"https:\/\/internacional.ufpr.br\/portal\/wp-json\/wp\/v2\/comments?post=5692"}],"version-history":[{"count":3,"href":"https:\/\/internacional.ufpr.br\/portal\/wp-json\/wp\/v2\/posts\/5692\/revisions"}],"predecessor-version":[{"id":5897,"href":"https:\/\/internacional.ufpr.br\/portal\/wp-json\/wp\/v2\/posts\/5692\/revisions\/5897"}],"wp:attachment":[{"href":"https:\/\/internacional.ufpr.br\/portal\/wp-json\/wp\/v2\/media?parent=5692"}],"wp:term":[{"taxonomy":"category","embeddable":true,"href":"https:\/\/internacional.ufpr.br\/portal\/wp-json\/wp\/v2\/categories?post=5692"},{"taxonomy":"post_tag","embeddable":true,"href":"https:\/\/internacional.ufpr.br\/portal\/wp-json\/wp\/v2\/tags?post=5692"}],"curies":[{"name":"wp","href":"https:\/\/api.w.org\/{rel}","templated":true}]}}