{"id":5518,"date":"2022-02-01T17:41:06","date_gmt":"2022-02-01T20:41:06","guid":{"rendered":"https:\/\/internacional.ufpr.br\/portal\/?p=5518"},"modified":"2023-12-27T05:08:40","modified_gmt":"2023-12-27T08:08:40","slug":"5518","status":"publish","type":"post","link":"https:\/\/internacional.ufpr.br\/portal\/2022\/02\/01\/5518\/","title":{"rendered":"Processo Seletivo para Alunos Estrangeiros \u2013 PPGADM\/UFPR"},"content":{"rendered":"<p>O PPGADM\/UFPR divulga o edital 39\/2021 do Processo Seletivo para os cursos de Mestrado e Doutorado em Administra\u00e7\u00e3o para candidatos estrangeiros n\u00e3o residentes no Brasil, para ingresso em 2023. Mais informa\u00e7\u00f5es est\u00e3o dispon\u00edveis na p\u00e1gina do Programa, no link abaixo:<br \/>\nhttp:\/\/www.prppg.ufpr.br\/site\/ppgadm\/pb\/processo-seletivo-2\/editais-estrangeiros\/<\/p>\n<p>Selection Process for Foreign Students &#8211; PPGADM\/UFPR &#8211; Class 2023<br \/>\nApplications until June 14, 2022<br \/>\nThe graduate program\u00a0 PPGADM\/UFPR publishes public notice 39\/2021 of the Selection Process for Master&#8217;s and Doctoral courses in Business Administration for foreign candidates not residing in Brazil, for admission in 2023. More information is available on the Program page, at the link below:<br \/>\nhttp:\/\/www.prppg.ufpr.br\/site\/ppgadm\/pb\/processo-seletivo-2\/editais-estrangeiros\/<\/p>\n<p>&nbsp;<\/p>\n<p><img loading=\"lazy\" decoding=\"async\" class=\"alignnone size-full wp-image-5519\" src=\"https:\/\/internacional.ufpr.br\/portal\/wp-content\/uploads\/2022\/02\/Folder-PPGADM-Edital-Estrangeiro-Turma-2023.jpg\" alt=\"\" width=\"1307\" height=\"896\" srcset=\"https:\/\/internacional.ufpr.br\/portal\/wp-content\/uploads\/2022\/02\/Folder-PPGADM-Edital-Estrangeiro-Turma-2023.jpg 1307w, https:\/\/internacional.ufpr.br\/portal\/wp-content\/uploads\/2022\/02\/Folder-PPGADM-Edital-Estrangeiro-Turma-2023-300x206.jpg 300w, https:\/\/internacional.ufpr.br\/portal\/wp-content\/uploads\/2022\/02\/Folder-PPGADM-Edital-Estrangeiro-Turma-2023-768x526.jpg 768w, https:\/\/internacional.ufpr.br\/portal\/wp-content\/uploads\/2022\/02\/Folder-PPGADM-Edital-Estrangeiro-Turma-2023-1024x702.jpg 1024w, https:\/\/internacional.ufpr.br\/portal\/wp-content\/uploads\/2022\/02\/Folder-PPGADM-Edital-Estrangeiro-Turma-2023-15x10.jpg 15w\" sizes=\"auto, (max-width: 1307px) 100vw, 1307px\" \/> <a href=\"https:\/\/internacional.ufpr.br\/portal\/wp-content\/uploads\/2022\/02\/Edital-39-2021-Edital-Estrangeiro-Ingresso-em-2023.pdf\">Edital 39-2021 &#8211; Edital Estrangeiro &#8211; Ingresso em 2023<\/a><\/p>\n","protected":false},"excerpt":{"rendered":"<p>O PPGADM\/UFPR divulga o edital 39\/2021 do Processo Seletivo para os cursos de Mestrado e Doutorado em Administra\u00e7\u00e3o para candidatos estrangeiros n\u00e3o residentes no Brasil, para ingresso em 2023. Mais informa\u00e7\u00f5es est\u00e3o dispon\u00edveis na p\u00e1gina do Programa, no link abaixo: http:\/\/www.prppg.ufpr.br\/site\/ppgadm\/pb\/processo-seletivo-2\/editais-estrangeiros\/ Selection Process for Foreign Students &#8211; PPGADM\/UFPR &#8211; Class 2023 Applications until June 14, [&hellip;]<\/p>\n","protected":false},"author":12,"featured_media":0,"comment_status":"open","ping_status":"open","sticky":false,"template":"","format":"standard","meta":{"_acf_changed":false,"footnotes":""},"categories":[6],"tags":[],"class_list":["post-5518","post","type-post","status-publish","format-standard","hentry","category-noticias"],"acf":[],"_links":{"self":[{"href":"https:\/\/internacional.ufpr.br\/portal\/wp-json\/wp\/v2\/posts\/5518","targetHints":{"allow":["GET"]}}],"collection":[{"href":"https:\/\/internacional.ufpr.br\/portal\/wp-json\/wp\/v2\/posts"}],"about":[{"href":"https:\/\/internacional.ufpr.br\/portal\/wp-json\/wp\/v2\/types\/post"}],"author":[{"embeddable":true,"href":"https:\/\/internacional.ufpr.br\/portal\/wp-json\/wp\/v2\/users\/12"}],"replies":[{"embeddable":true,"href":"https:\/\/internacional.ufpr.br\/portal\/wp-json\/wp\/v2\/comments?post=5518"}],"version-history":[{"count":4,"href":"https:\/\/internacional.ufpr.br\/portal\/wp-json\/wp\/v2\/posts\/5518\/revisions"}],"predecessor-version":[{"id":5524,"href":"https:\/\/internacional.ufpr.br\/portal\/wp-json\/wp\/v2\/posts\/5518\/revisions\/5524"}],"wp:attachment":[{"href":"https:\/\/internacional.ufpr.br\/portal\/wp-json\/wp\/v2\/media?parent=5518"}],"wp:term":[{"taxonomy":"category","embeddable":true,"href":"https:\/\/internacional.ufpr.br\/portal\/wp-json\/wp\/v2\/categories?post=5518"},{"taxonomy":"post_tag","embeddable":true,"href":"https:\/\/internacional.ufpr.br\/portal\/wp-json\/wp\/v2\/tags?post=5518"}],"curies":[{"name":"wp","href":"https:\/\/api.w.org\/{rel}","templated":true}]}}