{"id":5408,"date":"2021-11-10T12:48:14","date_gmt":"2021-11-10T15:48:14","guid":{"rendered":"https:\/\/internacional.ufpr.br\/portal\/?p=5408"},"modified":"2022-02-15T09:09:15","modified_gmt":"2022-02-15T12:09:15","slug":"mobilidade-academica-internacional-edital-de-selecao-2022-2","status":"publish","type":"post","link":"https:\/\/internacional.ufpr.br\/portal\/2021\/11\/10\/mobilidade-academica-internacional-edital-de-selecao-2022-2\/","title":{"rendered":"MOBILIDADE ACAD\u00caMICA INTERNACIONAL: Resultado Final \u2013 Edital de sele\u00e7\u00e3o (2022\/2)"},"content":{"rendered":"<p style=\"text-align: left;\">Seguem abaixo os candidatos classificados (por sertor) no <strong>EDITAL n\u00ba 06 de 10 DE AGOSTO DE 2021 \u2013 AUI\/UFPR<\/strong>, de mobilidade internacional, com sa\u00edda prevista para o 2\u00ba semestre de 2022.\u00a0No momento oportuno, esta Ag\u00eancia Internacional entrar\u00e1 em contato para orientar acerca dos procedimentos de nomea\u00e7\u00e3o e candidaturas.\u00a0 A Ag\u00eancia UFPR Internacional parabeniza todas e todos pela sele\u00e7\u00e3o.<\/p>\n<table style=\"height: 1338px;\" width=\"1451\">\n<tbody>\n<tr>\n<td style=\"text-align: center;\" width=\"72\"><strong>Inscri\u00e7\u00e3o<\/strong><\/td>\n<td style=\"text-align: center;\" width=\"313\"><strong>Setor<\/strong><\/td>\n<td style=\"text-align: center;\" width=\"111\"><strong>Matr\u00edcula<\/strong><\/td>\n<td style=\"text-align: center;\" width=\"329\"><strong>Aluno<\/strong><\/td>\n<td style=\"text-align: center;\" width=\"57\"><strong>Nota Fin<\/strong>al<\/td>\n<\/tr>\n<tr>\n<td>6614<\/td>\n<td>Setor de Artes, Comunica\u00e7\u00e3o e Design<\/td>\n<td>GRR20184768<\/td>\n<td>LET\u00cdCIA ZEM MESSIAS<\/td>\n<td>9,182<\/td>\n<\/tr>\n<tr>\n<td>6589<\/td>\n<td>Setor de Ci\u00eancias Agr\u00e1rias<\/td>\n<td>GRR20181995<\/td>\n<td>GABRIELA VIT\u00d3RIA STACHESKI<\/td>\n<td>8,826<\/td>\n<\/tr>\n<tr>\n<td>6549<\/td>\n<td>Setor de Ci\u00eancias da Sa\u00fade<\/td>\n<td>GRR20171405<\/td>\n<td>ALEXIA DUARTE<\/td>\n<td>9,529<\/td>\n<\/tr>\n<tr>\n<td>6566<\/td>\n<td>Setor de Ci\u00eancias da Sa\u00fade<\/td>\n<td>GRR20187254<\/td>\n<td>BEATRIZ ALMEIDA SHIMIZU<\/td>\n<td>8,625<\/td>\n<\/tr>\n<tr>\n<td>6582<\/td>\n<td>Setor de Ci\u00eancias da Sa\u00fade<\/td>\n<td>GRR20172392<\/td>\n<td>BRUNA CARDOSO ORSI<\/td>\n<td>9,398<\/td>\n<\/tr>\n<tr>\n<td>6550<\/td>\n<td>Setor de Ci\u00eancias da Sa\u00fade<\/td>\n<td>GRR20172341<\/td>\n<td>CAROLINA REMPEL MENDES FRANCISCO<\/td>\n<td>9,100<\/td>\n<\/tr>\n<tr>\n<td>6666<\/td>\n<td>Setor de Ci\u00eancias da Sa\u00fade<\/td>\n<td>GRR20181555<\/td>\n<td>GIOVANNA COLLODEL PERUZZO<\/td>\n<td>9,693<\/td>\n<\/tr>\n<tr>\n<td>6619<\/td>\n<td>Setor de Ci\u00eancias Exatas<\/td>\n<td>GRR20175338<\/td>\n<td>CAMILA MATOSO DE LARA<\/td>\n<td>9,349<\/td>\n<\/tr>\n<tr>\n<td>6607<\/td>\n<td>Setor de Ci\u00eancias Exatas<\/td>\n<td>GRR20200055<\/td>\n<td>ELEONORA AVELLO<\/td>\n<td>8,214<\/td>\n<\/tr>\n<tr>\n<td>6595<\/td>\n<td>Setor de Ci\u00eancias Humanas<\/td>\n<td>GRR20196277<\/td>\n<td>ARTHUR MENOZZO DA ROSA<\/td>\n<td>9,599<\/td>\n<\/tr>\n<tr>\n<td>6675<\/td>\n<td>Setor de Ci\u00eancias Humanas<\/td>\n<td>GRR20175103<\/td>\n<td>MANUELA BUSATO<\/td>\n<td>9,358<\/td>\n<\/tr>\n<tr>\n<td>6674<\/td>\n<td>Setor de Ci\u00eancias Jur\u00eddicas<\/td>\n<td>GRR20186449<\/td>\n<td>BEATRIZ BLATTNER IENNE STOLTZ<\/td>\n<td>8,973<\/td>\n<\/tr>\n<tr>\n<td>6564<\/td>\n<td>Setor de Ci\u00eancias Jur\u00eddicas<\/td>\n<td>GRR20192105<\/td>\n<td>LEONARDO MATSCHULAT<\/td>\n<td>7,233<\/td>\n<\/tr>\n<tr>\n<td>6546<\/td>\n<td>Setor de Ci\u00eancias Jur\u00eddicas<\/td>\n<td>GRR20192072<\/td>\n<td>LUANA MORATELLI OROFINO<\/td>\n<td>8,780<\/td>\n<\/tr>\n<tr>\n<td>6605<\/td>\n<td>Setor de Ci\u00eancias Jur\u00eddicas<\/td>\n<td>GRR20186447<\/td>\n<td>MARIA CLARA ANTUNES MORAES<\/td>\n<td>9,678<\/td>\n<\/tr>\n<tr>\n<td>6652<\/td>\n<td>Setor de Ci\u00eancias Sociais Aplicadas<\/td>\n<td>GRR20196411<\/td>\n<td>ANA KAROLINA DOMINGUES DE LIMA<\/td>\n<td>9,062<\/td>\n<\/tr>\n<tr>\n<td>6594<\/td>\n<td>Setor de Ci\u00eancias Sociais Aplicadas<\/td>\n<td>GRR20184011<\/td>\n<td>BEATRIZ DE ALMEIDA MOHR<\/td>\n<td>8,722<\/td>\n<\/tr>\n<tr>\n<td>6593<\/td>\n<td>Setor de Ci\u00eancias Sociais Aplicadas<\/td>\n<td>GRR20192282<\/td>\n<td>BERNARDO RUIZ REZENDE LUZ<\/td>\n<td>6,646<\/td>\n<\/tr>\n<tr>\n<td>6630<\/td>\n<td>Setor de Ci\u00eancias Sociais Aplicadas<\/td>\n<td>GRR20183939<\/td>\n<td>FERNANDA AMELIA M DELLAGASSA PASSOS<\/td>\n<td>7,587<\/td>\n<\/tr>\n<tr>\n<td>6609<\/td>\n<td>Setor de Ci\u00eancias Sociais Aplicadas<\/td>\n<td>GRR20197159<\/td>\n<td>LUIZA HELENA MACHADO ARGENTA<\/td>\n<td>9,091<\/td>\n<\/tr>\n<tr>\n<td>6651<\/td>\n<td>Setor de Ci\u00eancias Sociais Aplicadas<\/td>\n<td>GRR20183818<\/td>\n<td>VINICIUS KIYOSHI KITO<\/td>\n<td>8,773<\/td>\n<\/tr>\n<tr>\n<td>6671<\/td>\n<td>Setor de Educa\u00e7\u00e3o<\/td>\n<td>GRR20195534<\/td>\n<td>FERNANDA TIEME IWAYA<\/td>\n<td>9,927<\/td>\n<\/tr>\n<tr>\n<td>6647<\/td>\n<td>Setor de Educa\u00e7\u00e3o Profissional e Tecnol\u00f3gica<\/td>\n<td>GRR20195198<\/td>\n<td>JULLI ANDREWS DE OLIVEIRA BRUNO<\/td>\n<td>9,626<\/td>\n<\/tr>\n<tr>\n<td>6586<\/td>\n<td>Setor de Educa\u00e7\u00e3o Profissional e Tecnol\u00f3gica<\/td>\n<td>GRR20186212<\/td>\n<td>KEETRIN DE OLIVEIRA SILVA<\/td>\n<td>8,773<\/td>\n<\/tr>\n<tr>\n<td>6649<\/td>\n<td>Setor de Educa\u00e7\u00e3o Profissional e Tecnol\u00f3gica<\/td>\n<td>GRR20204540<\/td>\n<td>RAFAELA PEREIRA FRAN\u00c7A LEITE<\/td>\n<td>9,719<\/td>\n<\/tr>\n<tr>\n<td>6623<\/td>\n<td>Setor de Tecnologia<\/td>\n<td>GRR20182226<\/td>\n<td>ALANA SHIRAISHI PIRES<\/td>\n<td>7,732<\/td>\n<\/tr>\n<tr>\n<td>6646<\/td>\n<td>Setor de Tecnologia<\/td>\n<td>GRR20182254<\/td>\n<td>CAROLINA GABRIEL TESSER<\/td>\n<td>8,506<\/td>\n<\/tr>\n<tr>\n<td>6621<\/td>\n<td>Setor de Tecnologia<\/td>\n<td>GRR20191289<\/td>\n<td>DANIELA SUZANA CARATCHUK BERM\u00daDEZ<\/td>\n<td>8,174<\/td>\n<\/tr>\n<tr>\n<td>6622<\/td>\n<td>Setor de Tecnologia<\/td>\n<td>GRR20187075<\/td>\n<td>GIULIANO ARCARI PEREIRA<\/td>\n<td>6,964<\/td>\n<\/tr>\n<tr>\n<td>6599<\/td>\n<td>Setor de Tecnologia<\/td>\n<td>GRR20191298<\/td>\n<td>ISABELA VENTURA DE CAMARGO<\/td>\n<td>9,780<\/td>\n<\/tr>\n<tr>\n<td>6634<\/td>\n<td>Setor de Tecnologia<\/td>\n<td>GRR20177271<\/td>\n<td>JOAO GABRIEL KUGLER TOLEDO<\/td>\n<td>7,568<\/td>\n<\/tr>\n<tr>\n<td>6610<\/td>\n<td>Setor de Tecnologia<\/td>\n<td>GRR20191593<\/td>\n<td>LUCAS ALENCAR SIGOLI<\/td>\n<td>8,198<\/td>\n<\/tr>\n<tr>\n<td>6613<\/td>\n<td>Setor de Tecnologia<\/td>\n<td>GRR20182221<\/td>\n<td>MARIANA LET\u00cdCIA DE SOUZA<\/td>\n<td>9,283<\/td>\n<\/tr>\n<tr>\n<td>6645<\/td>\n<td>Setor de Tecnologia<\/td>\n<td>GRR20182177<\/td>\n<td>MARIANA ZAMBAM GASPERIN CARBONERA<\/td>\n<td>7,449<\/td>\n<\/tr>\n<tr>\n<td>6642<\/td>\n<td>Setor de Tecnologia<\/td>\n<td>GRR20191743<\/td>\n<td>MICHEL DE OLIVEIRA HILGEMBERG<\/td>\n<td>7,875<\/td>\n<\/tr>\n<tr>\n<td>6585<\/td>\n<td>Setor Litoral<\/td>\n<td>GRR20182784<\/td>\n<td>ALINE MACIEL RODRIGUES<\/td>\n<td>9,860<\/td>\n<\/tr>\n<tr>\n<td>6612<\/td>\n<td>Setor Litoral<\/td>\n<td>GRR20185349<\/td>\n<td>LEONARDO MULLER<\/td>\n<td>10,000<\/td>\n<\/tr>\n<tr>\n<td>6598<\/td>\n<td>Setor Toledo<\/td>\n<td>GRR20178025<\/td>\n<td>DIANA LOCH DUESSMANN<\/td>\n<td>9,752<\/td>\n<\/tr>\n<\/tbody>\n<\/table>\n<h4>MOBILIDADE ACAD\u00caMICA INTERNACIONAL: Edital de sele\u00e7\u00e3o (2022\/2)<\/h4>\n<p>Est\u00e3o abertas as inscri\u00e7\u00f5es para o processo de sele\u00e7\u00e3o de alunos de gradua\u00e7\u00e3o para o\u00a0<strong>Programa de Mobilidade Acade\u0302mica UFPR Internacional<\/strong>, Chamada Regular, com sai\u0301da prevista para o SEGUNDO SEMESTRE DE 2022.<\/p>\n<p>As inscri\u00e7\u00f5es est\u00e3o abertas at\u00e9 dia 10\/09\/2021.<\/p>\n<p><a href=\"https:\/\/internacional.ufpr.br\/portal\/wp-content\/uploads\/2021\/08\/Minuta-de-Edital-Mobilidade-saida-2022_2_final_para_publica\u00e7\u00e3o.pdf\" target=\"_blank\" rel=\"noopener\">Acesse aqui ao Edital.\u00a0<\/a><\/p>\n<p>&nbsp;<\/p>\n<p>&nbsp;<\/p>\n","protected":false},"excerpt":{"rendered":"<p>Seguem abaixo os candidatos classificados (por sertor) no EDITAL n\u00ba 06 de 10 DE AGOSTO DE 2021 \u2013 AUI\/UFPR, de mobilidade internacional, com sa\u00edda prevista para o 2\u00ba semestre de 2022.\u00a0No momento oportuno, esta Ag\u00eancia Internacional entrar\u00e1 em contato para orientar acerca dos procedimentos de nomea\u00e7\u00e3o e candidaturas.\u00a0 A Ag\u00eancia UFPR Internacional parabeniza todas e [&hellip;]<\/p>\n","protected":false},"author":12,"featured_media":0,"comment_status":"open","ping_status":"open","sticky":false,"template":"","format":"standard","meta":{"_acf_changed":false,"footnotes":""},"categories":[6],"tags":[23,143,28,37],"class_list":["post-5408","post","type-post","status-publish","format-standard","hentry","category-noticias","tag-editais","tag-edital","tag-mobilidade","tag-mobilidade-academica-internacional"],"acf":[],"_links":{"self":[{"href":"https:\/\/internacional.ufpr.br\/portal\/wp-json\/wp\/v2\/posts\/5408","targetHints":{"allow":["GET"]}}],"collection":[{"href":"https:\/\/internacional.ufpr.br\/portal\/wp-json\/wp\/v2\/posts"}],"about":[{"href":"https:\/\/internacional.ufpr.br\/portal\/wp-json\/wp\/v2\/types\/post"}],"author":[{"embeddable":true,"href":"https:\/\/internacional.ufpr.br\/portal\/wp-json\/wp\/v2\/users\/12"}],"replies":[{"embeddable":true,"href":"https:\/\/internacional.ufpr.br\/portal\/wp-json\/wp\/v2\/comments?post=5408"}],"version-history":[{"count":10,"href":"https:\/\/internacional.ufpr.br\/portal\/wp-json\/wp\/v2\/posts\/5408\/revisions"}],"predecessor-version":[{"id":5494,"href":"https:\/\/internacional.ufpr.br\/portal\/wp-json\/wp\/v2\/posts\/5408\/revisions\/5494"}],"wp:attachment":[{"href":"https:\/\/internacional.ufpr.br\/portal\/wp-json\/wp\/v2\/media?parent=5408"}],"wp:term":[{"taxonomy":"category","embeddable":true,"href":"https:\/\/internacional.ufpr.br\/portal\/wp-json\/wp\/v2\/categories?post=5408"},{"taxonomy":"post_tag","embeddable":true,"href":"https:\/\/internacional.ufpr.br\/portal\/wp-json\/wp\/v2\/tags?post=5408"}],"curies":[{"name":"wp","href":"https:\/\/api.w.org\/{rel}","templated":true}]}}