{"id":5344,"date":"2021-07-02T09:42:27","date_gmt":"2021-07-02T12:42:27","guid":{"rendered":"https:\/\/internacional.ufpr.br\/portal\/?p=5344"},"modified":"2022-02-15T09:04:47","modified_gmt":"2022-02-15T12:04:47","slug":"esl-edital-de-selecao-award-academic-writing-and-research-development","status":"publish","type":"post","link":"https:\/\/internacional.ufpr.br\/portal\/2021\/07\/02\/esl-edital-de-selecao-award-academic-writing-and-research-development\/","title":{"rendered":"IDIOMA: Edital de Sele\u00e7\u00e3o AWARD (Academic Writing and Research Development)"},"content":{"rendered":"<p>A Superintend\u00eancia de Tecnologia e Ensino Superior (SETI) do Governo do Estado do Paran\u00e1, em parceria com o Centro de Assessoria de Publica\u00e7\u00e3o Acad\u00eamica (CAPA) da Universidade Federal do Paran\u00e1 (UFPR), comunica a abertura do processo de sele\u00e7\u00e3ode COORDENADORES para liderar novos centros de escrita (writing centers) universit\u00e1rios a serem implementados no Estado do Paran\u00e1. S\u00e3o oito vagas, uma para cada IES do AWARD e as inscri\u00e7\u00f5es v\u00e3o at\u00e9 18 de julho de 2021.<\/p>\n<p><a href=\"https:\/\/internacional.ufpr.br\/portal\/wp-content\/uploads\/2021\/07\/UNIGOU-2021-07-Program-Announcement-PR1249.pdf\" target=\"_blank\" rel=\"noopener\"><img loading=\"lazy\" decoding=\"async\" class=\"\" src=\"https:\/\/emojipedia-us.s3.dualstack.us-west-1.amazonaws.com\/thumbs\/60\/twitter\/282\/information_2139-fe0f.png\" alt=\"Information on Twitter \" width=\"22\" height=\"22\" \/><\/a><a href=\"https:\/\/internacional.ufpr.br\/portal\/wp-content\/uploads\/2021\/07\/Edital-selecao-AWARD-Coord-SETI-v7-02-07.pdf\" target=\"_blank\" rel=\"noopener\">Consulte o Edital.<\/a><\/p>\n","protected":false},"excerpt":{"rendered":"<p>A Superintend\u00eancia de Tecnologia e Ensino Superior (SETI) do Governo do Estado do Paran\u00e1, em parceria com o Centro de Assessoria de Publica\u00e7\u00e3o Acad\u00eamica (CAPA) da Universidade Federal do Paran\u00e1 (UFPR), comunica a abertura do processo de sele\u00e7\u00e3ode COORDENADORES para liderar novos centros de escrita (writing centers) universit\u00e1rios a serem implementados no Estado do Paran\u00e1. [&hellip;]<\/p>\n","protected":false},"author":12,"featured_media":0,"comment_status":"open","ping_status":"open","sticky":false,"template":"","format":"standard","meta":{"_acf_changed":false,"footnotes":""},"categories":[6],"tags":[143],"class_list":["post-5344","post","type-post","status-publish","format-standard","hentry","category-noticias","tag-edital"],"acf":[],"_links":{"self":[{"href":"https:\/\/internacional.ufpr.br\/portal\/wp-json\/wp\/v2\/posts\/5344","targetHints":{"allow":["GET"]}}],"collection":[{"href":"https:\/\/internacional.ufpr.br\/portal\/wp-json\/wp\/v2\/posts"}],"about":[{"href":"https:\/\/internacional.ufpr.br\/portal\/wp-json\/wp\/v2\/types\/post"}],"author":[{"embeddable":true,"href":"https:\/\/internacional.ufpr.br\/portal\/wp-json\/wp\/v2\/users\/12"}],"replies":[{"embeddable":true,"href":"https:\/\/internacional.ufpr.br\/portal\/wp-json\/wp\/v2\/comments?post=5344"}],"version-history":[{"count":5,"href":"https:\/\/internacional.ufpr.br\/portal\/wp-json\/wp\/v2\/posts\/5344\/revisions"}],"predecessor-version":[{"id":5554,"href":"https:\/\/internacional.ufpr.br\/portal\/wp-json\/wp\/v2\/posts\/5344\/revisions\/5554"}],"wp:attachment":[{"href":"https:\/\/internacional.ufpr.br\/portal\/wp-json\/wp\/v2\/media?parent=5344"}],"wp:term":[{"taxonomy":"category","embeddable":true,"href":"https:\/\/internacional.ufpr.br\/portal\/wp-json\/wp\/v2\/categories?post=5344"},{"taxonomy":"post_tag","embeddable":true,"href":"https:\/\/internacional.ufpr.br\/portal\/wp-json\/wp\/v2\/tags?post=5344"}],"curies":[{"name":"wp","href":"https:\/\/api.w.org\/{rel}","templated":true}]}}