{"id":4922,"date":"2020-04-24T06:53:10","date_gmt":"2020-04-24T09:53:10","guid":{"rendered":"https:\/\/internacional.ufpr.br\/portal\/?p=4922"},"modified":"2021-05-10T13:31:02","modified_gmt":"2021-05-10T16:31:02","slug":"bolsa-convocatoria-de-proyectos-especial-covid-19","status":"publish","type":"post","link":"https:\/\/internacional.ufpr.br\/portal\/2020\/04\/24\/bolsa-convocatoria-de-proyectos-especial-covid-19\/","title":{"rendered":"BOLSAS: Convocat\u00f3ria de Proyectos Especial COVID-19"},"content":{"rendered":"<p>En el marco de su plan de acci\u00f3n especial por el COVID-19, la AUF (Agencia Universitaria de la Francofon\u00eda) lanza una convocatoria internacional para apoyar las iniciativas vinculadas con el tema de la pandemia por parte de los estudiantes, alumnos-ingenieros y j\u00f3venes investigadores. Cualquier proyecto que conlleve un impacto tecnol\u00f3gico, econ\u00f3mico y\/o social, medible a corto plazo, es elegible.<\/p>\n<p>Un fondo excepcional de 500.000\u20ac est\u00e1 dedicado a esta convocatoria. Los proyectos de menos de 10.000\u20ac hasta 50.000\u20ac podr\u00e1n ser financiados.<\/p>\n<p>\u00a1La convocatoria est\u00e1 abierta hasta el 3 de mayo de 2020!<\/p>\n<p>Se puede descargar el formulario de candidatura haciendo click aqu\u00ed.<\/p>\n<p>El formulario se tiene que rellenar en franc\u00e9s. Sin embargo, el ingl\u00e9s ser\u00e1 aceptado con la condici\u00f3n de que un resumen del proyecto en franc\u00e9s sea propuesto.<\/p>\n<p>Para presentar su proyecto: <a href=\"https:\/\/formulaires.auf.org\" target=\"_blank\" rel=\"noopener\">https:\/\/formulaires.auf.org<\/a>\u00a0(inscripci\u00f3n previa gratuita)<\/p>\n<p>Dudas y aclaraciones, dirigir al correo siguiente hasta el martes 28 de abril a las 12:00hrs (hora de Par\u00eds): <a href=\"mailto:appel-covid19@auf.org\" target=\"_blank\" rel=\"noopener\">appel-covid19@auf.org<\/a><\/p>\n","protected":false},"excerpt":{"rendered":"<p>En el marco de su plan de acci\u00f3n especial por el COVID-19, la AUF (Agencia Universitaria de la Francofon\u00eda) lanza una convocatoria internacional para apoyar las iniciativas vinculadas con el tema de la pandemia por parte de los estudiantes, alumnos-ingenieros y j\u00f3venes investigadores. Cualquier proyecto que conlleve un impacto tecnol\u00f3gico, econ\u00f3mico y\/o social, medible a [&hellip;]<\/p>\n","protected":false},"author":12,"featured_media":0,"comment_status":"open","ping_status":"open","sticky":false,"template":"","format":"standard","meta":{"_acf_changed":false,"footnotes":""},"categories":[6],"tags":[43],"class_list":["post-4922","post","type-post","status-publish","format-standard","hentry","category-noticias","tag-bolsas"],"acf":[],"_links":{"self":[{"href":"https:\/\/internacional.ufpr.br\/portal\/wp-json\/wp\/v2\/posts\/4922","targetHints":{"allow":["GET"]}}],"collection":[{"href":"https:\/\/internacional.ufpr.br\/portal\/wp-json\/wp\/v2\/posts"}],"about":[{"href":"https:\/\/internacional.ufpr.br\/portal\/wp-json\/wp\/v2\/types\/post"}],"author":[{"embeddable":true,"href":"https:\/\/internacional.ufpr.br\/portal\/wp-json\/wp\/v2\/users\/12"}],"replies":[{"embeddable":true,"href":"https:\/\/internacional.ufpr.br\/portal\/wp-json\/wp\/v2\/comments?post=4922"}],"version-history":[{"count":3,"href":"https:\/\/internacional.ufpr.br\/portal\/wp-json\/wp\/v2\/posts\/4922\/revisions"}],"predecessor-version":[{"id":5273,"href":"https:\/\/internacional.ufpr.br\/portal\/wp-json\/wp\/v2\/posts\/4922\/revisions\/5273"}],"wp:attachment":[{"href":"https:\/\/internacional.ufpr.br\/portal\/wp-json\/wp\/v2\/media?parent=4922"}],"wp:term":[{"taxonomy":"category","embeddable":true,"href":"https:\/\/internacional.ufpr.br\/portal\/wp-json\/wp\/v2\/categories?post=4922"},{"taxonomy":"post_tag","embeddable":true,"href":"https:\/\/internacional.ufpr.br\/portal\/wp-json\/wp\/v2\/tags?post=4922"}],"curies":[{"name":"wp","href":"https:\/\/api.w.org\/{rel}","templated":true}]}}