{"id":4900,"date":"2020-04-03T11:00:04","date_gmt":"2020-04-03T14:00:04","guid":{"rendered":"https:\/\/internacional.ufpr.br\/portal\/?p=4900"},"modified":"2022-02-15T09:04:54","modified_gmt":"2022-02-15T12:04:54","slug":"isl-ets-lanca-toefl-ibt-special-home-edition","status":"publish","type":"post","link":"https:\/\/internacional.ufpr.br\/portal\/2020\/04\/03\/isl-ets-lanca-toefl-ibt-special-home-edition\/","title":{"rendered":"IDIOMA: ETS lan\u00e7a TOEFL IBT Special Home Edition"},"content":{"rendered":"<div class=\"partner-box-wrapper card-one-clicker flex-1\" data-reactid=\"352\">\n<p data-reactid=\"354\">A ETS lan\u00e7ou uma edi\u00e7\u00e3o tempor\u00e1ria dos exames TOEFL iBT\u00ae e GRE\u00ae General Test &#8211; o <strong>Special Home Edition<\/strong>, com disponibilidade para o Brasil.<\/p>\n<p data-reactid=\"354\">De forma tempor\u00e1ria, os candidatos poder\u00e3o fazer os testes TOEFL iBT e GRE General Test em casa. Algumas informa\u00e7\u00f5es importantes:<\/p>\n<p data-reactid=\"354\">1. Candidatos j\u00e1 inscritos para fazer o TOEFL iBT nas pr\u00f3ximas semanas ou no pr\u00f3ximo m\u00eas, podem utilizar essa modalidade. <a href=\"https:\/\/www.ets.org\/s\/cv\/toefl\/at-horne\/ets-account\/\" target=\"_blank\" rel=\"noopener\">Link<\/a>.<\/p>\n<p data-reactid=\"354\">2. Candidatos que ainda n\u00e3o t\u00eam uma data de realiza\u00e7\u00e3o do teste, podem utilizar o registo no site para criar uma novo perfil selecionando ESPECIAL HOME EDITION. O custo do exame \u00e9 o mesmo. O exame n\u00e3o tem qualquer altera\u00e7\u00e3o. <a href=\"https:\/\/v2.ereg.ets.org\/ereg\/public\/customer\/create\" target=\"_blank\" rel=\"noopener\">Link<\/a>.<\/p>\n<p data-reactid=\"354\">3. Candidatos cujo exame foi cancelado devido ao impacto do COVID-19 ser\u00e3o contactados pelo ETS para reagendamento.<\/p>\n<p data-reactid=\"354\">4.Para transferir uma inscri\u00e7\u00e3o atual dos exames TOEFL e GRE para o Special Home Edition, <a href=\"https:\/\/www.ets.org\/s\/cv\/toefl\/at-home\/contact\/\" target=\"_blank\" rel=\"noopener\">link<\/a>.<\/p>\n<\/div>\n<p data-reactid=\"354\">5. Para se inscrever no Special Home Edition. <a href=\"https:\/\/www.ets.org\/s\/cv\/toefl\/at-home\/ets-account\/\" target=\"_blank\" rel=\"noopener\">Link<\/a>.<\/p>\n<p data-reactid=\"354\">6.Outras d\u00favidas,\u00a0<a href=\"https:\/\/www.ets.org\/s\/cv\/toefl\/at-home\/faq\/\" target=\"_blank\" rel=\"noopener\">FAQ<\/a>.<\/p>\n<p data-reactid=\"354\">\n","protected":false},"excerpt":{"rendered":"<p>A ETS lan\u00e7ou uma edi\u00e7\u00e3o tempor\u00e1ria dos exames TOEFL iBT\u00ae e GRE\u00ae General Test &#8211; o Special Home Edition, com disponibilidade para o Brasil. De forma tempor\u00e1ria, os candidatos poder\u00e3o fazer os testes TOEFL iBT e GRE General Test em casa. Algumas informa\u00e7\u00f5es importantes: 1. Candidatos j\u00e1 inscritos para fazer o TOEFL iBT nas pr\u00f3ximas [&hellip;]<\/p>\n","protected":false},"author":12,"featured_media":0,"comment_status":"open","ping_status":"open","sticky":false,"template":"","format":"standard","meta":{"_acf_changed":false,"footnotes":""},"categories":[6],"tags":[116],"class_list":["post-4900","post","type-post","status-publish","format-standard","hentry","category-noticias","tag-esl"],"acf":[],"_links":{"self":[{"href":"https:\/\/internacional.ufpr.br\/portal\/wp-json\/wp\/v2\/posts\/4900","targetHints":{"allow":["GET"]}}],"collection":[{"href":"https:\/\/internacional.ufpr.br\/portal\/wp-json\/wp\/v2\/posts"}],"about":[{"href":"https:\/\/internacional.ufpr.br\/portal\/wp-json\/wp\/v2\/types\/post"}],"author":[{"embeddable":true,"href":"https:\/\/internacional.ufpr.br\/portal\/wp-json\/wp\/v2\/users\/12"}],"replies":[{"embeddable":true,"href":"https:\/\/internacional.ufpr.br\/portal\/wp-json\/wp\/v2\/comments?post=4900"}],"version-history":[{"count":3,"href":"https:\/\/internacional.ufpr.br\/portal\/wp-json\/wp\/v2\/posts\/4900\/revisions"}],"predecessor-version":[{"id":5555,"href":"https:\/\/internacional.ufpr.br\/portal\/wp-json\/wp\/v2\/posts\/4900\/revisions\/5555"}],"wp:attachment":[{"href":"https:\/\/internacional.ufpr.br\/portal\/wp-json\/wp\/v2\/media?parent=4900"}],"wp:term":[{"taxonomy":"category","embeddable":true,"href":"https:\/\/internacional.ufpr.br\/portal\/wp-json\/wp\/v2\/categories?post=4900"},{"taxonomy":"post_tag","embeddable":true,"href":"https:\/\/internacional.ufpr.br\/portal\/wp-json\/wp\/v2\/tags?post=4900"}],"curies":[{"name":"wp","href":"https:\/\/api.w.org\/{rel}","templated":true}]}}