{"id":4847,"date":"2020-03-02T13:32:19","date_gmt":"2020-03-02T16:32:19","guid":{"rendered":"https:\/\/internacional.ufpr.br\/portal\/?p=4847"},"modified":"2020-06-29T15:56:40","modified_gmt":"2020-06-29T18:56:40","slug":"evento-palestra-do-campus-france-brasil","status":"publish","type":"post","link":"https:\/\/internacional.ufpr.br\/portal\/2020\/03\/02\/evento-palestra-do-campus-france-brasil\/","title":{"rendered":"EVENT: Palestra do Campus France Brasil"},"content":{"rendered":"<p>A AUI convida para a Palestra do Campus France Brasil para esclarecer d\u00favidas sobre estudos e oportunidades de bolsa na Fran\u00e7a. Ser\u00e1 no dia 09 de mar\u00e7o de 2020, \u00e0s 11;15 horas, no Audit\u00f3rio do 1\u00b0 andar do Pr\u00e9dio da Administra\u00e7\u00e3o, Centro Polit\u00e9cnico.<\/p>\n<p>&nbsp;<\/p>\n<p>&nbsp;<\/p>\n<p><img loading=\"lazy\" decoding=\"async\" class=\"size-full wp-image-4848 aligncenter\" src=\"https:\/\/internacional.ufpr.br\/portal\/wp-content\/uploads\/2020\/03\/WhatsApp-Image-2020-03-02-at-13.29.27.jpeg\" alt=\"\" width=\"530\" height=\"592\" srcset=\"https:\/\/internacional.ufpr.br\/portal\/wp-content\/uploads\/2020\/03\/WhatsApp-Image-2020-03-02-at-13.29.27.jpeg 530w, https:\/\/internacional.ufpr.br\/portal\/wp-content\/uploads\/2020\/03\/WhatsApp-Image-2020-03-02-at-13.29.27-269x300.jpeg 269w, https:\/\/internacional.ufpr.br\/portal\/wp-content\/uploads\/2020\/03\/WhatsApp-Image-2020-03-02-at-13.29.27-9x10.jpeg 9w\" sizes=\"auto, (max-width: 530px) 100vw, 530px\" \/><\/p>\n","protected":false},"excerpt":{"rendered":"<p>A AUI convida para a Palestra do Campus France Brasil para esclarecer d\u00favidas sobre estudos e oportunidades de bolsa na Fran\u00e7a. Ser\u00e1 no dia 09 de mar\u00e7o de 2020, \u00e0s 11;15 horas, no Audit\u00f3rio do 1\u00b0 andar do Pr\u00e9dio da Administra\u00e7\u00e3o, Centro Polit\u00e9cnico. &nbsp; &nbsp;<\/p>\n","protected":false},"author":12,"featured_media":0,"comment_status":"open","ping_status":"open","sticky":false,"template":"","format":"standard","meta":{"_acf_changed":false,"footnotes":""},"categories":[6],"tags":[34,56,107,85,37],"class_list":["post-4847","post","type-post","status-publish","format-standard","hentry","category-noticias","tag-duplo-diploma","tag-evento","tag-infoday","tag-internacionalizacao","tag-mobilidade-academica-internacional"],"acf":[],"_links":{"self":[{"href":"https:\/\/internacional.ufpr.br\/portal\/wp-json\/wp\/v2\/posts\/4847","targetHints":{"allow":["GET"]}}],"collection":[{"href":"https:\/\/internacional.ufpr.br\/portal\/wp-json\/wp\/v2\/posts"}],"about":[{"href":"https:\/\/internacional.ufpr.br\/portal\/wp-json\/wp\/v2\/types\/post"}],"author":[{"embeddable":true,"href":"https:\/\/internacional.ufpr.br\/portal\/wp-json\/wp\/v2\/users\/12"}],"replies":[{"embeddable":true,"href":"https:\/\/internacional.ufpr.br\/portal\/wp-json\/wp\/v2\/comments?post=4847"}],"version-history":[{"count":6,"href":"https:\/\/internacional.ufpr.br\/portal\/wp-json\/wp\/v2\/posts\/4847\/revisions"}],"predecessor-version":[{"id":4991,"href":"https:\/\/internacional.ufpr.br\/portal\/wp-json\/wp\/v2\/posts\/4847\/revisions\/4991"}],"wp:attachment":[{"href":"https:\/\/internacional.ufpr.br\/portal\/wp-json\/wp\/v2\/media?parent=4847"}],"wp:term":[{"taxonomy":"category","embeddable":true,"href":"https:\/\/internacional.ufpr.br\/portal\/wp-json\/wp\/v2\/categories?post=4847"},{"taxonomy":"post_tag","embeddable":true,"href":"https:\/\/internacional.ufpr.br\/portal\/wp-json\/wp\/v2\/tags?post=4847"}],"curies":[{"name":"wp","href":"https:\/\/api.w.org\/{rel}","templated":true}]}}