{"id":4661,"date":"2019-11-12T11:47:49","date_gmt":"2019-11-12T13:47:49","guid":{"rendered":"https:\/\/internacional.ufpr.br\/portal\/?p=4661"},"modified":"2021-05-10T13:30:36","modified_gmt":"2021-05-10T16:30:36","slug":"bolsa-edital-do-auxilio-passagem-internacional","status":"publish","type":"post","link":"https:\/\/internacional.ufpr.br\/portal\/2019\/11\/12\/bolsa-edital-do-auxilio-passagem-internacional\/","title":{"rendered":"BOLSAS: Resultado Edital do Programa Aux\u00edlio Passagem Internacional"},"content":{"rendered":"<p>Abaixo a lista dos alunos contemplados com o Aux\u00edlio Passagem Internacional, por ordem de classifica\u00e7\u00e3o:<\/p>\n<table style=\"height: 77px;\" width=\"635\">\n<tbody>\n<tr>\n<td style=\"text-align: center;\" width=\"118\"><strong>Matr\u00edcula<\/strong><\/td>\n<td style=\"text-align: center;\" width=\"386\"><strong>Aluno<\/strong><\/td>\n<\/tr>\n<tr>\n<td style=\"text-align: center;\"><span style=\"color: #008000;\">GRR20177800<\/span><\/td>\n<td style=\"text-align: center;\"><span style=\"color: #008000;\">MONIQUE TORCATE MATIAS<\/span><\/td>\n<\/tr>\n<tr>\n<td style=\"text-align: center;\"><span style=\"color: #008000;\">GRR20177908<\/span><\/td>\n<td style=\"text-align: center;\"><span style=\"color: #008000;\">STHEFANIE LHORENTE<\/span><\/td>\n<\/tr>\n<tr>\n<td style=\"text-align: center;\"><span style=\"color: #008000;\">GRR20161220<\/span><\/td>\n<td style=\"text-align: center;\"><span style=\"color: #008000;\">GUILHERME LUIZ DA ROCHA<\/span><\/td>\n<\/tr>\n<\/tbody>\n<\/table>\n<p>@s alun@s selecionad@s dever\u00e3o comparecer \u00e0 AUI trazendo o\u00a0<a href=\"https:\/\/internacional.ufpr.br\/portal\/wp-content\/uploads\/2019\/11\/Termo-de-Compromisso-Bolsa-Aux\u00edlio-AUI.pdf\" target=\"_blank\" rel=\"noopener\">Termo de Compromisso Bolsa Aux\u00edlio AUI <\/a>devidamente assinado at\u00e9 \u00e0s 16:00 do dia 13\/11\/2019, o n\u00e3o comparecimento e n\u00e3o entrega, implica na perda do aux\u00edlio.<\/p>\n<p>&nbsp;<\/p>\n<hr \/>\n<h4>BOLSA: Edital do Programa Aux\u00edlio Passagem Internacional<\/h4>\n<p><img loading=\"lazy\" decoding=\"async\" class=\"wp-image-4668 alignleft\" src=\"https:\/\/internacional.ufpr.br\/portal\/wp-content\/uploads\/2019\/11\/Sem-t\u00edtulo.png\" alt=\"\" width=\"314\" height=\"312\" srcset=\"https:\/\/internacional.ufpr.br\/portal\/wp-content\/uploads\/2019\/11\/Sem-t\u00edtulo.png 689w, https:\/\/internacional.ufpr.br\/portal\/wp-content\/uploads\/2019\/11\/Sem-t\u00edtulo-150x150.png 150w, https:\/\/internacional.ufpr.br\/portal\/wp-content\/uploads\/2019\/11\/Sem-t\u00edtulo-300x298.png 300w, https:\/\/internacional.ufpr.br\/portal\/wp-content\/uploads\/2019\/11\/Sem-t\u00edtulo-10x10.png 10w\" sizes=\"auto, (max-width: 314px) 100vw, 314px\" \/><\/p>\n<p>Est\u00e3o abertas at\u00e9 dia 11\/11\/2019, o Edital do Programa\u00a0Aux\u00edlio Passagem Internacional que visa oferecer aux\u00edlio financeiro aos alunos de gradua\u00e7\u00e3o\u00a0presencial da UFPR que foram selecionados para apresentar trabalhos em evento cient\u00edfico internacional. At\u00e9 6 candidatos ser\u00e3o contemplados com o\u00a0aux\u00edlio no valor de\u00a0R$ 5.000,00 (cinco mil reais).<\/p>\n<p><a href=\"https:\/\/internacional.ufpr.br\/inscricao\/\" target=\"_blank\" rel=\"noopener\">Acesse o link de inscri\u00e7\u00f5es.<\/a><\/p>\n<p><a href=\"https:\/\/internacional.ufpr.br\/portal\/wp-content\/uploads\/2019\/11\/Edital-aux\u00edlio-passagem-2019_-vers\u00e3o-final-15h04.pdf\" target=\"_blank\" rel=\"noopener\">Acesse o Edital.<\/a><\/p>\n<p>&nbsp;<\/p>\n<p>&nbsp;<\/p>\n<p>&nbsp;<\/p>\n<p>&nbsp;<\/p>\n<p>&nbsp;<\/p>\n<p><em>Publicado no dia 04\/11\/2019\u00a0<\/em><\/p>\n","protected":false},"excerpt":{"rendered":"<p>Abaixo a lista dos alunos contemplados com o Aux\u00edlio Passagem Internacional, por ordem de classifica\u00e7\u00e3o: Matr\u00edcula Aluno GRR20177800 MONIQUE TORCATE MATIAS GRR20177908 STHEFANIE LHORENTE GRR20161220 GUILHERME LUIZ DA ROCHA @s alun@s selecionad@s dever\u00e3o comparecer \u00e0 AUI trazendo o\u00a0Termo de Compromisso Bolsa Aux\u00edlio AUI devidamente assinado at\u00e9 \u00e0s 16:00 do dia 13\/11\/2019, o n\u00e3o comparecimento e [&hellip;]<\/p>\n","protected":false},"author":12,"featured_media":0,"comment_status":"open","ping_status":"open","sticky":false,"template":"","format":"standard","meta":{"_acf_changed":false,"footnotes":""},"categories":[6],"tags":[43,56],"class_list":["post-4661","post","type-post","status-publish","format-standard","hentry","category-noticias","tag-bolsas","tag-evento"],"acf":[],"_links":{"self":[{"href":"https:\/\/internacional.ufpr.br\/portal\/wp-json\/wp\/v2\/posts\/4661","targetHints":{"allow":["GET"]}}],"collection":[{"href":"https:\/\/internacional.ufpr.br\/portal\/wp-json\/wp\/v2\/posts"}],"about":[{"href":"https:\/\/internacional.ufpr.br\/portal\/wp-json\/wp\/v2\/types\/post"}],"author":[{"embeddable":true,"href":"https:\/\/internacional.ufpr.br\/portal\/wp-json\/wp\/v2\/users\/12"}],"replies":[{"embeddable":true,"href":"https:\/\/internacional.ufpr.br\/portal\/wp-json\/wp\/v2\/comments?post=4661"}],"version-history":[{"count":10,"href":"https:\/\/internacional.ufpr.br\/portal\/wp-json\/wp\/v2\/posts\/4661\/revisions"}],"predecessor-version":[{"id":5269,"href":"https:\/\/internacional.ufpr.br\/portal\/wp-json\/wp\/v2\/posts\/4661\/revisions\/5269"}],"wp:attachment":[{"href":"https:\/\/internacional.ufpr.br\/portal\/wp-json\/wp\/v2\/media?parent=4661"}],"wp:term":[{"taxonomy":"category","embeddable":true,"href":"https:\/\/internacional.ufpr.br\/portal\/wp-json\/wp\/v2\/categories?post=4661"},{"taxonomy":"post_tag","embeddable":true,"href":"https:\/\/internacional.ufpr.br\/portal\/wp-json\/wp\/v2\/tags?post=4661"}],"curies":[{"name":"wp","href":"https:\/\/api.w.org\/{rel}","templated":true}]}}