{"id":4528,"date":"2019-08-27T18:33:09","date_gmt":"2019-08-27T21:33:09","guid":{"rendered":"https:\/\/internacional.ufpr.br\/portal\/?p=4528"},"modified":"2020-01-22T08:45:07","modified_gmt":"2020-01-22T11:45:07","slug":"edital-escala-de-estudantes-de-graduacao","status":"publish","type":"post","link":"https:\/\/internacional.ufpr.br\/portal\/2019\/08\/27\/edital-escala-de-estudantes-de-graduacao\/","title":{"rendered":"AUGM: Edital ESCALA de ESTUDANTES de GRADUA\u00c7\u00c3O"},"content":{"rendered":"<p><span style=\"color: #000000;\">A partir desta 4\u00aa feira, 28\/08, estar\u00e3o abertas no sistema de gest\u00e3o de mobilidade da Ag\u00eancia UFPR Internacional, <a style=\"color: #000000;\" href=\"https:\/\/internacional.ufpr.br\/inscricao\/\">https:\/\/internacional.ufpr.br\/inscricao<\/a><\/span><\/p>\n<p><span style=\"color: #000000;\">as inscri\u00e7\u00f5es para o edital de sele\u00e7\u00e3o para mobilidade acad\u00eamica no marco do programa ESCALA de Estudantes de Gradua\u00e7\u00e3o da AUGM (Associa\u00e7\u00e3o de Universidades do Grupo Montevid\u00e9u).<\/span><\/p>\n<p><span style=\"color: #000000;\">Acesse aqui o <a style=\"color: #000000;\" href=\"https:\/\/internacionalufpr.files.wordpress.com\/2019\/08\/edital-aui-nc2ba-03-de-27-de-agosto-de-2019.pdf\">Edital<\/a><\/span><\/p>\n","protected":false},"excerpt":{"rendered":"<p>A partir desta 4\u00aa feira, 28\/08, estar\u00e3o abertas no sistema de gest\u00e3o de mobilidade da Ag\u00eancia UFPR Internacional, https:\/\/internacional.ufpr.br\/inscricao as inscri\u00e7\u00f5es para o edital de sele\u00e7\u00e3o para mobilidade acad\u00eamica no marco do programa ESCALA de Estudantes de Gradua\u00e7\u00e3o da AUGM (Associa\u00e7\u00e3o de Universidades do Grupo Montevid\u00e9u). Acesse aqui o Edital<\/p>\n","protected":false},"author":12,"featured_media":0,"comment_status":"open","ping_status":"open","sticky":false,"template":"","format":"standard","meta":{"_acf_changed":false,"footnotes":""},"categories":[6],"tags":[32,140,139,37],"class_list":["post-4528","post","type-post","status-publish","format-standard","hentry","category-noticias","tag-augm","tag-escala-de-grado","tag-grupo-montevideu","tag-mobilidade-academica-internacional"],"acf":[],"_links":{"self":[{"href":"https:\/\/internacional.ufpr.br\/portal\/wp-json\/wp\/v2\/posts\/4528","targetHints":{"allow":["GET"]}}],"collection":[{"href":"https:\/\/internacional.ufpr.br\/portal\/wp-json\/wp\/v2\/posts"}],"about":[{"href":"https:\/\/internacional.ufpr.br\/portal\/wp-json\/wp\/v2\/types\/post"}],"author":[{"embeddable":true,"href":"https:\/\/internacional.ufpr.br\/portal\/wp-json\/wp\/v2\/users\/12"}],"replies":[{"embeddable":true,"href":"https:\/\/internacional.ufpr.br\/portal\/wp-json\/wp\/v2\/comments?post=4528"}],"version-history":[{"count":3,"href":"https:\/\/internacional.ufpr.br\/portal\/wp-json\/wp\/v2\/posts\/4528\/revisions"}],"predecessor-version":[{"id":4568,"href":"https:\/\/internacional.ufpr.br\/portal\/wp-json\/wp\/v2\/posts\/4528\/revisions\/4568"}],"wp:attachment":[{"href":"https:\/\/internacional.ufpr.br\/portal\/wp-json\/wp\/v2\/media?parent=4528"}],"wp:term":[{"taxonomy":"category","embeddable":true,"href":"https:\/\/internacional.ufpr.br\/portal\/wp-json\/wp\/v2\/categories?post=4528"},{"taxonomy":"post_tag","embeddable":true,"href":"https:\/\/internacional.ufpr.br\/portal\/wp-json\/wp\/v2\/tags?post=4528"}],"curies":[{"name":"wp","href":"https:\/\/api.w.org\/{rel}","templated":true}]}}