{"id":4452,"date":"2019-09-13T08:20:17","date_gmt":"2019-09-13T11:20:17","guid":{"rendered":"https:\/\/internacional.ufpr.br\/portal\/?p=4452"},"modified":"2019-09-13T10:34:15","modified_gmt":"2019-09-13T13:34:15","slug":"erasmus-university-of-zagreb-edital-de-selecao-2020-1","status":"publish","type":"post","link":"https:\/\/internacional.ufpr.br\/portal\/2019\/09\/13\/erasmus-university-of-zagreb-edital-de-selecao-2020-1\/","title":{"rendered":"ERASMUS+ : Edital e Resultado Final 2020\/1 (University of Zagreb)"},"content":{"rendered":"<p><span class=\"fontstyle0\"><strong>EDITAL n\u00ba 03 DE 12 DE AGOSTO DE 2019<\/strong> recebeu um total de 05 inscri\u00e7\u00f5es, sendo 4 homolog\u00e1veis. Abaixo est\u00e3o listados, em ordem de classifica\u00e7\u00e3o, @s alun@s considerad@s apt@s segundo os requisitos do Edital. <strong>As alunas selecionadas pelo Edital,\u00a0 e contempladas com a<\/strong>\u00a0<strong>bolsa t\u00eam at\u00e9 dia 17\/09\/2019 para confirmar sua participa\u00e7\u00e3o (erasmus@ufpr.br).\u00a0<\/strong>Em caso de desist\u00eancia ou n\u00e3o viabilidade desta mobilidade, o seguinte da lista ser\u00e1 convocado e assim por diante.<\/span><\/p>\n<table style=\"height: 189px;\" width=\"1008\">\n<tbody>\n<tr>\n<td style=\"text-align: center;\" width=\"311\"><strong>Aluno<\/strong><\/td>\n<td style=\"text-align: center;\" width=\"118\"><strong>Matr\u00edcula<\/strong><\/td>\n<td style=\"text-align: center;\" width=\"311\"><strong>Situa\u00e7\u00e3o<\/strong><\/td>\n<\/tr>\n<tr>\n<td><span style=\"color: #339966;\"><strong>LUISA PUSSIELDI MORATELLI<\/strong><\/span><\/td>\n<td><span style=\"color: #339966;\"><strong>GRR20174243<\/strong><\/span><\/td>\n<td><span style=\"color: #339966;\"><strong>SELECIONADA<\/strong><\/span><\/td>\n<\/tr>\n<tr>\n<td><span style=\"color: #339966;\"><strong>BEATRIZ BLATTNER IENNE STOLTZ<\/strong><\/span><\/td>\n<td><span style=\"color: #339966;\"><strong>GRR20186449<\/strong><\/span><\/td>\n<td><span style=\"color: #339966;\"><strong>SELECIONADA<\/strong><\/span><\/td>\n<\/tr>\n<tr>\n<td>ANNA LUIZA RIBEIRO<\/td>\n<td>GRR20172820<\/td>\n<td>APTA<\/td>\n<\/tr>\n<tr>\n<td>VAGNER MAURICIO DA SILVA ANTUNES<\/td>\n<td>GRR20176251<\/td>\n<td>APTO<\/td>\n<\/tr>\n<\/tbody>\n<\/table>\n<p>&nbsp;<\/p>\n<p>O prazo para recursos foi estendido at\u00e9 <strong>dia 17\/09\/2019 \u00e0s 23:59 (hor\u00e1rio de Bras\u00edlia), devendo ser redigidos no\u00a0<\/strong><a href=\"https:\/\/internacional.ufpr.br\/portal\/wp-content\/uploads\/2019\/08\/2019_2020_2_Edital_Mobilidade_Academica_ARIUFPR-1.pdf\" target=\"_blank\" rel=\"noopener\">Formul\u00e1rio de Recurso<\/a>\u00a0e enviados, dentro do prazo, para o e-mail <strong>erasmus@ufpr.br.<\/strong><\/p>\n<p><em>Atualizado em 13\/09\/2019<\/em><\/p>\n<p>&nbsp;<\/p>\n<hr \/>\n<h4>ERASMUS+: Edital de Sele\u00e7\u00e3o discente para University of Zagreb (sa\u00edda 2020\/1)<\/h4>\n<p>12\/08\/2019\u00a0\u00a0<a title=\"Posts de Admin Ag\u00eancia Internacional\" href=\"https:\/\/internacional.ufpr.br\/portal\/author\/adminter\/\" rel=\"author\">Admin Ag\u00eancia Internacional<\/a><\/p>\n<p><img loading=\"lazy\" decoding=\"async\" class=\" wp-image-4478 alignleft\" src=\"https:\/\/internacional.ufpr.br\/portal\/wp-content\/uploads\/2019\/08\/ERASMUS-2-300x251.png\" alt=\"\" width=\"454\" height=\"380\" srcset=\"https:\/\/internacional.ufpr.br\/portal\/wp-content\/uploads\/2019\/08\/ERASMUS-2-300x251.png 300w, https:\/\/internacional.ufpr.br\/portal\/wp-content\/uploads\/2019\/08\/ERASMUS-2-768x644.png 768w, https:\/\/internacional.ufpr.br\/portal\/wp-content\/uploads\/2019\/08\/ERASMUS-2-12x10.png 12w, https:\/\/internacional.ufpr.br\/portal\/wp-content\/uploads\/2019\/08\/ERASMUS-2.png 940w\" sizes=\"auto, (max-width: 454px) 100vw, 454px\" \/>Est\u00e3o abertas at\u00e9 dia <strong>11\/09\/2019<\/strong> as inscri\u00e7\u00f5es para o processo de sele\u00e7\u00e3o Erasmus + para a University of Zagreb (http:\/\/www.unizg.hr). O interc\u00e2mbio ter\u00e1 dura\u00e7\u00e3o de 1 semestre com sa\u00edda prevista para 2020\/1.<\/p>\n<p>@s\u00a0 estudantes selecionad@s selecionad@s ter\u00e3o bolsa do <strong>Programa ERASMUS+<\/strong>, com uma aloca\u00e7\u00e3o mensal (valores ainda a serem definidos) pelo per\u00edodo de dura\u00e7\u00e3o do semestre (cerca de 4 meses).<\/p>\n<p><strong><em>Devido ao baixo n\u00famero de inscritos, houve uma expans\u00e3o na \u00e1rea englobada pelo Edital levando em considera\u00e7\u00e3o o International Standard Classification of Education (ISCED) considerado pelo Projeto ERASMUS+, entretanto n\u00e3o haver\u00e1 prorroga\u00e7\u00e3o do prazo de inscri\u00e7\u00e3o:<\/em><\/strong><\/p>\n<table style=\"height: 303px;\" width=\"829\">\n<tbody>\n<tr>\n<td width=\"246\">\n<p style=\"text-align: center;\"><strong>Narrow field<\/strong><\/p>\n<\/td>\n<td width=\"227\">\n<p style=\"text-align: center;\"><strong>Detailed field<\/strong><\/p>\n<\/td>\n<\/tr>\n<tr>\n<td width=\"246\"><strong>021 Arts <\/strong><\/td>\n<td width=\"227\">0213 Fine arts<\/td>\n<\/tr>\n<tr>\n<td width=\"246\"><strong>031 Social and behavioural sciences <\/strong><\/td>\n<td width=\"227\">0312 Political sciences and civics<\/td>\n<\/tr>\n<tr>\n<td width=\"246\"><strong>042 Law <\/strong><\/td>\n<td width=\"227\">0421 Law<\/td>\n<\/tr>\n<tr>\n<td rowspan=\"2\" width=\"246\"><strong>081 Agriculture<\/strong><\/td>\n<td width=\"227\">0811 Crop and livestock production<\/td>\n<\/tr>\n<tr>\n<td width=\"227\">0812 Horticulture<\/td>\n<\/tr>\n<\/tbody>\n<\/table>\n<p>Desta forma, para inscrever-se o aluno deve ser estudante de gradua\u00e7\u00e3o presencial dos cursos de <strong>Agronomia ou Engenharia Agr\u00edcola ou Agroecologia ou Artes Visuais ou Licenciatura em Artes ou Direito ou Ci\u00eancias Sociais ou Filosofia ou Hist\u00f3ria ou Medicina Veterin\u00e1ria ou Zootecnia<\/strong>, ter n\u00edvel B2 em ingl\u00eas al\u00e9m de cumprir outros requisitos descritos no Edital.<\/p>\n<p><a href=\"https:\/\/internacional.ufpr.br\/portal\/wp-content\/uploads\/2019\/08\/2019_Edital_HRZAGREB01_Estudante.pdf\" target=\"_blank\" rel=\"noopener\">Acesso ao Edital.<\/a><\/p>\n<p><em><a href=\"https:\/\/www.youtube.com\/watch?v=cxjp4ppEwSY\" target=\"_blank\" rel=\"noopener\">Tutorial de como logar no sistema.<\/a><\/em><\/p>\n<p><a href=\"https:\/\/internacional.ufpr.br\/inscricao\/\" target=\"_blank\" rel=\"noopener\">Acesso ao formul\u00e1rio de inscri\u00e7\u00e3o.<\/a><\/p>\n<p>&nbsp;<\/p>\n<p>&nbsp;<\/p>\n<p><em>Not\u00edcia divulgada em 12\/08\/2019<\/em><\/p>\n","protected":false},"excerpt":{"rendered":"<p>EDITAL n\u00ba 03 DE 12 DE AGOSTO DE 2019 recebeu um total de 05 inscri\u00e7\u00f5es, sendo 4 homolog\u00e1veis. Abaixo est\u00e3o listados, em ordem de classifica\u00e7\u00e3o, @s alun@s considerad@s apt@s segundo os requisitos do Edital. As alunas selecionadas pelo Edital,\u00a0 e contempladas com a\u00a0bolsa t\u00eam at\u00e9 dia 17\/09\/2019 para confirmar sua participa\u00e7\u00e3o (erasmus@ufpr.br).\u00a0Em caso de desist\u00eancia [&hellip;]<\/p>\n","protected":false},"author":12,"featured_media":0,"comment_status":"open","ping_status":"open","sticky":false,"template":"","format":"standard","meta":{"_acf_changed":false,"footnotes":""},"categories":[6],"tags":[43,23,57,28],"class_list":["post-4452","post","type-post","status-publish","format-standard","hentry","category-noticias","tag-bolsas","tag-editais","tag-erasmus","tag-mobilidade"],"acf":[],"_links":{"self":[{"href":"https:\/\/internacional.ufpr.br\/portal\/wp-json\/wp\/v2\/posts\/4452","targetHints":{"allow":["GET"]}}],"collection":[{"href":"https:\/\/internacional.ufpr.br\/portal\/wp-json\/wp\/v2\/posts"}],"about":[{"href":"https:\/\/internacional.ufpr.br\/portal\/wp-json\/wp\/v2\/types\/post"}],"author":[{"embeddable":true,"href":"https:\/\/internacional.ufpr.br\/portal\/wp-json\/wp\/v2\/users\/12"}],"replies":[{"embeddable":true,"href":"https:\/\/internacional.ufpr.br\/portal\/wp-json\/wp\/v2\/comments?post=4452"}],"version-history":[{"count":53,"href":"https:\/\/internacional.ufpr.br\/portal\/wp-json\/wp\/v2\/posts\/4452\/revisions"}],"predecessor-version":[{"id":4574,"href":"https:\/\/internacional.ufpr.br\/portal\/wp-json\/wp\/v2\/posts\/4452\/revisions\/4574"}],"wp:attachment":[{"href":"https:\/\/internacional.ufpr.br\/portal\/wp-json\/wp\/v2\/media?parent=4452"}],"wp:term":[{"taxonomy":"category","embeddable":true,"href":"https:\/\/internacional.ufpr.br\/portal\/wp-json\/wp\/v2\/categories?post=4452"},{"taxonomy":"post_tag","embeddable":true,"href":"https:\/\/internacional.ufpr.br\/portal\/wp-json\/wp\/v2\/tags?post=4452"}],"curies":[{"name":"wp","href":"https:\/\/api.w.org\/{rel}","templated":true}]}}