{"id":4192,"date":"2019-03-27T08:44:30","date_gmt":"2019-03-27T11:44:30","guid":{"rendered":"https:\/\/internacional.ufpr.br\/portal\/?p=4192"},"modified":"2019-05-20T08:27:27","modified_gmt":"2019-05-20T11:27:27","slug":"augm-edital-de-selecao-2019-2","status":"publish","type":"post","link":"https:\/\/internacional.ufpr.br\/portal\/2019\/03\/27\/augm-edital-de-selecao-2019-2\/","title":{"rendered":"AUGM: Edital de sele\u00e7\u00e3o (2019\/2)"},"content":{"rendered":"<p><img loading=\"lazy\" decoding=\"async\" class=\"wp-image-4195 alignleft\" src=\"https:\/\/internacional.ufpr.br\/portal\/wp-content\/uploads\/2019\/03\/AUGM-300x251.png\" alt=\"\" width=\"349\" height=\"292\" srcset=\"https:\/\/internacional.ufpr.br\/portal\/wp-content\/uploads\/2019\/03\/AUGM-300x251.png 300w, https:\/\/internacional.ufpr.br\/portal\/wp-content\/uploads\/2019\/03\/AUGM-768x644.png 768w, https:\/\/internacional.ufpr.br\/portal\/wp-content\/uploads\/2019\/03\/AUGM-12x10.png 12w, https:\/\/internacional.ufpr.br\/portal\/wp-content\/uploads\/2019\/03\/AUGM.png 940w\" sizes=\"auto, (max-width: 349px) 100vw, 349px\" \/>A Ag\u00eancia UFPR Internacional comunica que est\u00e3o abertas as inscri\u00e7\u00f5es para os estudantes de cursos presenciais de gradua\u00e7\u00e3o na UFPR interessados em realizar mobilidade acad\u00eamica no marco do programa ESCALA de Estudantes de Gradua\u00e7\u00e3o AUGM (Associa\u00e7\u00e3o de Universidades do Grupo Montevid\u00e9u).<\/p>\n<p><a href=\"https:\/\/internacional.ufpr.br\/portal\/wp-content\/uploads\/2019\/03\/EDITAL-n\u00ba-_ESCALA-de-Estudantes-de-Gradua\u00e7\u00e3o_AUGM_SA\u00cdDA-2019_2.pdf\" target=\"_blank\" rel=\"noopener\">Edital ESCALA de Gradua\u00e7\u00e3o AUGM (2019\/2).<\/a><\/p>\n<p><a href=\"https:\/\/internacional.ufpr.br\/inscricao\/\" target=\"_blank\" rel=\"noopener\">Link de inscri\u00e7\u00e3o.<\/a><\/p>\n","protected":false},"excerpt":{"rendered":"<p>A Ag\u00eancia UFPR Internacional comunica que est\u00e3o abertas as inscri\u00e7\u00f5es para os estudantes de cursos presenciais de gradua\u00e7\u00e3o na UFPR interessados em realizar mobilidade acad\u00eamica no marco do programa ESCALA de Estudantes de Gradua\u00e7\u00e3o AUGM (Associa\u00e7\u00e3o de Universidades do Grupo Montevid\u00e9u). Edital ESCALA de Gradua\u00e7\u00e3o AUGM (2019\/2). Link de inscri\u00e7\u00e3o.<\/p>\n","protected":false},"author":12,"featured_media":0,"comment_status":"open","ping_status":"open","sticky":false,"template":"","format":"standard","meta":{"_acf_changed":false,"footnotes":""},"categories":[6],"tags":[32,23,118,28],"class_list":["post-4192","post","type-post","status-publish","format-standard","hentry","category-noticias","tag-augm","tag-editais","tag-escala-de-graduacao","tag-mobilidade"],"acf":[],"_links":{"self":[{"href":"https:\/\/internacional.ufpr.br\/portal\/wp-json\/wp\/v2\/posts\/4192","targetHints":{"allow":["GET"]}}],"collection":[{"href":"https:\/\/internacional.ufpr.br\/portal\/wp-json\/wp\/v2\/posts"}],"about":[{"href":"https:\/\/internacional.ufpr.br\/portal\/wp-json\/wp\/v2\/types\/post"}],"author":[{"embeddable":true,"href":"https:\/\/internacional.ufpr.br\/portal\/wp-json\/wp\/v2\/users\/12"}],"replies":[{"embeddable":true,"href":"https:\/\/internacional.ufpr.br\/portal\/wp-json\/wp\/v2\/comments?post=4192"}],"version-history":[{"count":3,"href":"https:\/\/internacional.ufpr.br\/portal\/wp-json\/wp\/v2\/posts\/4192\/revisions"}],"predecessor-version":[{"id":4197,"href":"https:\/\/internacional.ufpr.br\/portal\/wp-json\/wp\/v2\/posts\/4192\/revisions\/4197"}],"wp:attachment":[{"href":"https:\/\/internacional.ufpr.br\/portal\/wp-json\/wp\/v2\/media?parent=4192"}],"wp:term":[{"taxonomy":"category","embeddable":true,"href":"https:\/\/internacional.ufpr.br\/portal\/wp-json\/wp\/v2\/categories?post=4192"},{"taxonomy":"post_tag","embeddable":true,"href":"https:\/\/internacional.ufpr.br\/portal\/wp-json\/wp\/v2\/tags?post=4192"}],"curies":[{"name":"wp","href":"https:\/\/api.w.org\/{rel}","templated":true}]}}