{"id":4143,"date":"2019-03-21T08:53:10","date_gmt":"2019-03-21T11:53:10","guid":{"rendered":"https:\/\/internacional.ufpr.br\/portal\/?p=4143"},"modified":"2020-03-12T15:28:41","modified_gmt":"2020-03-12T18:28:41","slug":"divulgacao-resultados-das-selecoes-brafagri-e-brafitec-engenharia-florestal-2019","status":"publish","type":"post","link":"https:\/\/internacional.ufpr.br\/portal\/2019\/03\/21\/divulgacao-resultados-das-selecoes-brafagri-e-brafitec-engenharia-florestal-2019\/","title":{"rendered":"BRAFITEC\/BRAFAGRI: Resultado Final do Edital Complementar 2019 (Engenharia Florestal)"},"content":{"rendered":"<p>A AUI divulga os resultados da sele\u00e7\u00e3o BRAFAGRI ESALQ\/UFPR 2019 realizada pelos professores:\u00a0Prof. Anadalvo J. Santos,\u00a0Prof. Umberto Kloch,\u00a0Prof. Romano Timofeiczyk Junior<\/p>\n<table border=\"1\" cellspacing=\"0\" cellpadding=\"0\">\n<tbody>\n<tr>\n<td valign=\"top\" nowrap=\"nowrap\" width=\"145\">Classifica\u00e7\u00e3o<\/td>\n<td valign=\"top\" nowrap=\"nowrap\" width=\"335\">Nome<\/td>\n<td valign=\"top\" nowrap=\"nowrap\" width=\"103\">M\u00e9dia<\/td>\n<\/tr>\n<tr>\n<td valign=\"top\" nowrap=\"nowrap\" width=\"145\">\n<p align=\"right\">1<\/p>\n<\/td>\n<td valign=\"top\" nowrap=\"nowrap\" width=\"335\">Amanda Parab\u00e1 Gon\u00e7alves<\/td>\n<td valign=\"top\" nowrap=\"nowrap\" width=\"103\">\n<p align=\"right\">9,05<\/p>\n<\/td>\n<\/tr>\n<tr>\n<td valign=\"top\" nowrap=\"nowrap\" width=\"145\">\n<p align=\"right\">2<\/p>\n<\/td>\n<td valign=\"top\" nowrap=\"nowrap\" width=\"335\">Dafne Brassolotto Amorim<\/td>\n<td valign=\"top\" nowrap=\"nowrap\" width=\"103\">\n<p align=\"right\">8,70<\/p>\n<\/td>\n<\/tr>\n<tr>\n<td valign=\"top\" nowrap=\"nowrap\" width=\"145\">\n<p align=\"right\">3<\/p>\n<\/td>\n<td valign=\"top\" nowrap=\"nowrap\" width=\"335\">isabella Kern Erzinger<\/td>\n<td valign=\"top\" nowrap=\"nowrap\" width=\"103\">\n<p align=\"right\">7,70<\/p>\n<\/td>\n<\/tr>\n<tr>\n<td valign=\"top\" nowrap=\"nowrap\" width=\"145\">\n<p align=\"right\">4<\/p>\n<\/td>\n<td valign=\"top\" nowrap=\"nowrap\" width=\"335\">Aline Vaes Massagli<\/td>\n<td valign=\"top\" nowrap=\"nowrap\" width=\"103\">\n<p align=\"right\">7,60<\/p>\n<\/td>\n<\/tr>\n<tr>\n<td valign=\"top\" nowrap=\"nowrap\" width=\"145\">\n<p align=\"right\">5<\/p>\n<\/td>\n<td valign=\"top\" nowrap=\"nowrap\" width=\"335\">Giulia Dalle Cort<\/td>\n<td valign=\"top\" nowrap=\"nowrap\" width=\"103\">\n<p align=\"right\">7,20<\/p>\n<\/td>\n<\/tr>\n<tr>\n<td valign=\"top\" nowrap=\"nowrap\" width=\"145\">\n<p align=\"right\">6<\/p>\n<\/td>\n<td valign=\"top\" nowrap=\"nowrap\" width=\"335\">Laura Caroline Traiano Rieth<\/td>\n<td valign=\"top\" nowrap=\"nowrap\" width=\"103\">\n<p align=\"right\">6,80<\/p>\n<\/td>\n<\/tr>\n<\/tbody>\n<\/table>\n<div><\/div>\n<div><\/div>\n<div>Divulga-se tamb\u00e9m os resultados da sele\u00e7\u00e3o BRAFITEC 2018-2019 (Setor de Agr\u00e1rias) realizada pelos professores:\u00a0<b>Prof\u00aa Dr\u00aa Simone Ribeiro Morrone,\u00a0<\/b>Coordenadora do Curso de Engenharia Industrial Madeireira \u2013 UFPR;\u00a0<b>Prof Dr Umberto Klock,\u00a0<\/b>Coordenadora do Curso de Engenharia Florestal \u2013 UFPR e\u00a0<b>Prof\u00aa Dr\u00aa Rosilani Trianoski,\u00a0<\/b>Departamento de Engenharia e Tecnologia Florestal \u2013 UFPR,\u00a0Coordenadora Brafitec.<\/div>\n<div><\/div>\n<div>\n<table border=\"1\" cellspacing=\"0\" cellpadding=\"0\">\n<tbody>\n<tr>\n<td valign=\"top\" width=\"227\"><b>Candidato<\/b><\/td>\n<td valign=\"top\" width=\"85\">\n<p align=\"center\"><b>Curso<\/b><\/p>\n<\/td>\n<td valign=\"top\" width=\"117\">\n<p align=\"center\"><b>Nota<\/b><\/p>\n<\/td>\n<td valign=\"top\" width=\"212\">\n<p align=\"center\"><b>Classifica\u00e7\u00e3o<\/b><\/p>\n<\/td>\n<\/tr>\n<tr>\n<td valign=\"bottom\" width=\"227\">Jo\u00e3o Vitor Dorini Falavinha<\/td>\n<td valign=\"top\" width=\"85\">\n<p align=\"center\">EIM<\/p>\n<\/td>\n<td valign=\"top\" width=\"117\">\n<p align=\"center\">8,83<\/p>\n<\/td>\n<td valign=\"top\" width=\"212\">\n<p align=\"center\">1<\/p>\n<\/td>\n<\/tr>\n<tr>\n<td valign=\"bottom\" width=\"227\">Dafn\u00e9 Brassolotto Amorim<\/td>\n<td valign=\"top\" width=\"85\">\n<p align=\"center\">EF<\/p>\n<\/td>\n<td valign=\"top\" width=\"117\">\n<p align=\"center\">8,52<\/p>\n<\/td>\n<td valign=\"top\" width=\"212\">\n<p align=\"center\">2<\/p>\n<\/td>\n<\/tr>\n<tr>\n<td valign=\"bottom\" width=\"227\">David Gabriel Janzinski<\/td>\n<td valign=\"top\" width=\"85\">\n<p align=\"center\">EIM<\/p>\n<\/td>\n<td valign=\"top\" width=\"117\">\n<p align=\"center\">8,31<\/p>\n<\/td>\n<td valign=\"top\" width=\"212\">\n<p align=\"center\">3<\/p>\n<\/td>\n<\/tr>\n<tr>\n<td valign=\"bottom\" width=\"227\">Amanda Parab\u00e1<\/td>\n<td valign=\"top\" width=\"85\">\n<p align=\"center\">EF<\/p>\n<\/td>\n<td valign=\"top\" width=\"117\">\n<p align=\"center\">8,12<\/p>\n<\/td>\n<td valign=\"top\" width=\"212\">\n<p align=\"center\">4<\/p>\n<\/td>\n<\/tr>\n<tr>\n<td valign=\"bottom\" width=\"227\">Aline Vaes Massagli<\/td>\n<td valign=\"top\" width=\"85\">\n<p align=\"center\">EF<\/p>\n<\/td>\n<td valign=\"top\" width=\"117\">\n<p align=\"center\">7,86<\/p>\n<\/td>\n<td valign=\"top\" width=\"212\">\n<p align=\"center\">5<\/p>\n<\/td>\n<\/tr>\n<tr>\n<td valign=\"bottom\" width=\"227\">Isabela Erzinger<\/td>\n<td valign=\"top\" width=\"85\">\n<p align=\"center\">EF<\/p>\n<\/td>\n<td valign=\"top\" width=\"117\">\n<p align=\"center\">7,85<\/p>\n<\/td>\n<td valign=\"top\" width=\"212\">\n<p align=\"center\">6<\/p>\n<\/td>\n<\/tr>\n<tr>\n<td valign=\"bottom\" width=\"227\">Giulia Dalle Cort<\/td>\n<td valign=\"top\" width=\"85\">\n<p align=\"center\">EF<\/p>\n<\/td>\n<td valign=\"top\" width=\"117\">\n<p align=\"center\">7,52<\/p>\n<\/td>\n<td valign=\"top\" width=\"212\">\n<p align=\"center\">7<\/p>\n<\/td>\n<\/tr>\n<tr>\n<td valign=\"bottom\" width=\"227\">Sth\u00e9phanie Munford<\/td>\n<td valign=\"top\" width=\"85\">\n<p align=\"center\">EIM<\/p>\n<\/td>\n<td valign=\"top\" width=\"117\">\n<p align=\"center\">6,44<\/p>\n<\/td>\n<td valign=\"top\" width=\"212\">\n<p align=\"center\">8<\/p>\n<\/td>\n<\/tr>\n<\/tbody>\n<\/table>\n<\/div>\n","protected":false},"excerpt":{"rendered":"<p>A AUI divulga os resultados da sele\u00e7\u00e3o BRAFAGRI ESALQ\/UFPR 2019 realizada pelos professores:\u00a0Prof. Anadalvo J. Santos,\u00a0Prof. Umberto Kloch,\u00a0Prof. Romano Timofeiczyk Junior Classifica\u00e7\u00e3o Nome M\u00e9dia 1 Amanda Parab\u00e1 Gon\u00e7alves 9,05 2 Dafne Brassolotto Amorim 8,70 3 isabella Kern Erzinger 7,70 4 Aline Vaes Massagli 7,60 5 Giulia Dalle Cort 7,20 6 Laura Caroline Traiano Rieth 6,80 [&hellip;]<\/p>\n","protected":false},"author":12,"featured_media":0,"comment_status":"open","ping_status":"open","sticky":false,"template":"","format":"standard","meta":{"_acf_changed":false,"footnotes":""},"categories":[6],"tags":[],"class_list":["post-4143","post","type-post","status-publish","format-standard","hentry","category-noticias"],"acf":[],"_links":{"self":[{"href":"https:\/\/internacional.ufpr.br\/portal\/wp-json\/wp\/v2\/posts\/4143","targetHints":{"allow":["GET"]}}],"collection":[{"href":"https:\/\/internacional.ufpr.br\/portal\/wp-json\/wp\/v2\/posts"}],"about":[{"href":"https:\/\/internacional.ufpr.br\/portal\/wp-json\/wp\/v2\/types\/post"}],"author":[{"embeddable":true,"href":"https:\/\/internacional.ufpr.br\/portal\/wp-json\/wp\/v2\/users\/12"}],"replies":[{"embeddable":true,"href":"https:\/\/internacional.ufpr.br\/portal\/wp-json\/wp\/v2\/comments?post=4143"}],"version-history":[{"count":3,"href":"https:\/\/internacional.ufpr.br\/portal\/wp-json\/wp\/v2\/posts\/4143\/revisions"}],"predecessor-version":[{"id":4870,"href":"https:\/\/internacional.ufpr.br\/portal\/wp-json\/wp\/v2\/posts\/4143\/revisions\/4870"}],"wp:attachment":[{"href":"https:\/\/internacional.ufpr.br\/portal\/wp-json\/wp\/v2\/media?parent=4143"}],"wp:term":[{"taxonomy":"category","embeddable":true,"href":"https:\/\/internacional.ufpr.br\/portal\/wp-json\/wp\/v2\/categories?post=4143"},{"taxonomy":"post_tag","embeddable":true,"href":"https:\/\/internacional.ufpr.br\/portal\/wp-json\/wp\/v2\/tags?post=4143"}],"curies":[{"name":"wp","href":"https:\/\/api.w.org\/{rel}","templated":true}]}}