{"id":4108,"date":"2019-02-28T08:51:49","date_gmt":"2019-02-28T11:51:49","guid":{"rendered":"https:\/\/internacional.ufpr.br\/portal\/?p=4108"},"modified":"2020-10-16T19:57:16","modified_gmt":"2020-10-16T22:57:16","slug":"4108","status":"publish","type":"post","link":"https:\/\/internacional.ufpr.br\/portal\/2019\/02\/28\/4108\/","title":{"rendered":"MOBILIDADE ACAD\u00caMICA INTERNACIONAL: Bolsistas AUI &#038; PRAE (Sa\u00edda 2019\/2)"},"content":{"rendered":"<p>Os candidatos ao Programa de Moblidade Acad\u00eamica Internacional com sa\u00edda 2019\/2 contemplados com bolsa m\u00e9rito AUI s\u00e3o os seguintes:<\/p>\n<table style=\"height: 649px;\" width=\"694\">\n<tbody>\n<tr>\n<td style=\"text-align: center;\" width=\"126\"><strong>MATR\u00cdCULA<\/strong><\/td>\n<td style=\"text-align: center;\" width=\"266\"><strong>ALUNO<\/strong><\/td>\n<\/tr>\n<tr>\n<td>\u00a0 GRR20161940<\/td>\n<td>\u00a0 ALIF RONALDO SOARES DOMINGUES<\/td>\n<\/tr>\n<tr>\n<td>\u00a0 GRR20177865<\/td>\n<td>\u00a0 ANA BEATRIZ FIGUEIREDO TAVARES<\/td>\n<\/tr>\n<tr>\n<td>\u00a0 GRR20151597<\/td>\n<td>\u00a0 BRUNO DE OLIVEIRA AGIO<\/td>\n<\/tr>\n<tr>\n<td>\u00a0 GRR20170039<\/td>\n<td>\u00a0 CAMILA BREY DA SILVA<\/td>\n<\/tr>\n<tr>\n<td>\u00a0 GRR20165449<\/td>\n<td>\u00a0 CARLA ALESSANDRA MARQUES<\/td>\n<\/tr>\n<tr>\n<td>\u00a0 GRR20184863<\/td>\n<td>\u00a0 DEIFERSON NEWTON DEMARCHI<\/td>\n<\/tr>\n<tr>\n<td>\u00a0 GRR20162406<\/td>\n<td>\u00a0 DIONEY RIBEIRO DA SILVEIRA JUNIOR<\/td>\n<\/tr>\n<tr>\n<td>\u00a0 GRR20161786<\/td>\n<td>\u00a0 FERNANDA VANZELI DE OLIVEIRA<\/td>\n<\/tr>\n<tr>\n<td>\u00a0 GRR20163086<\/td>\n<td>\u00a0 GUILHERME SCARIOT RAMOS<\/td>\n<\/tr>\n<tr>\n<td>\u00a0 GRR20162455<\/td>\n<td>\u00a0 LUIZA BREIS<\/td>\n<\/tr>\n<tr>\n<td>\u00a0 GRR20164707<\/td>\n<td>\u00a0 MATHEUS KOPP PRANDINI<\/td>\n<\/tr>\n<tr>\n<td>\u00a0 GRR20159033<\/td>\n<td>\u00a0 MICHELLE DE LIMA RODRIGUES<\/td>\n<\/tr>\n<tr>\n<td>\u00a0 GRR20176450<\/td>\n<td>\u00a0 ROBSON DIEGO CALIXTO<\/td>\n<\/tr>\n<tr>\n<td>\u00a0 GRR20161330<\/td>\n<td>\u00a0 VICTOR MALTESE STOCO<\/td>\n<\/tr>\n<\/tbody>\n<\/table>\n<p>O valor do aux\u00edlio \u00e9 de R$ 10 mil pagos em uma \u00fanica parcela. O processo para pagamento da bolsa somente ser\u00e1 aberto ap\u00f3s o recebimento da carta de aceite da universidade estrangeira.<\/p>\n<p>___________________________________________________________________________________________________________________________<\/p>\n<p>Os candidatos ao Programa de Moblidade Acad\u00eamica Internacional com sa\u00edda 2019\/2 contemplados com <strong>bolsa PRAE<\/strong> s\u00e3o os seguintes:<\/p>\n<table style=\"height: 145px;\" width=\"693\">\n<tbody>\n<tr>\n<td width=\"126\">\u00a0 GRR20167469<\/td>\n<td width=\"266\">\u00a0 CAROLINE DE OLIVEIRA SILVA<\/td>\n<\/tr>\n<tr>\n<td>\u00a0 GRR20161213<\/td>\n<td>\u00a0 JOEL PAULA DA SILVA JUNIOR<\/td>\n<\/tr>\n<tr>\n<td>\u00a0 GRR20177777<\/td>\n<td>\u00a0 VIVIANI APARECIDA CRUZ<\/td>\n<\/tr>\n<\/tbody>\n<\/table>\n<p>Informa\u00e7\u00f5es sobre a bolsa PRAE, direto nessa Pr\u00f3-Reitoria.<\/p>\n<p><span style=\"color: #ff0000;\"><em><strong> Caso o candidato contemplado com uma das bolsas tenha desistido do processo de mobilidade, favor comunicar \u00e0 AUI (mobilidade@ufpr.br) para que esta possa ser repassada ao pr\u00f3ximo na lista de espera.<\/strong><\/em><\/span><\/p>\n","protected":false},"excerpt":{"rendered":"<p>Os candidatos ao Programa de Moblidade Acad\u00eamica Internacional com sa\u00edda 2019\/2 contemplados com bolsa m\u00e9rito AUI s\u00e3o os seguintes: MATR\u00cdCULA ALUNO \u00a0 GRR20161940 \u00a0 ALIF RONALDO SOARES DOMINGUES \u00a0 GRR20177865 \u00a0 ANA BEATRIZ FIGUEIREDO TAVARES \u00a0 GRR20151597 \u00a0 BRUNO DE OLIVEIRA AGIO \u00a0 GRR20170039 \u00a0 CAMILA BREY DA SILVA \u00a0 GRR20165449 \u00a0 CARLA ALESSANDRA MARQUES [&hellip;]<\/p>\n","protected":false},"author":12,"featured_media":0,"comment_status":"open","ping_status":"open","sticky":false,"template":"","format":"standard","meta":{"_acf_changed":false,"footnotes":""},"categories":[6],"tags":[117,43,37],"class_list":["post-4108","post","type-post","status-publish","format-standard","hentry","category-noticias","tag-bolsa-prae","tag-bolsas","tag-mobilidade-academica-internacional"],"acf":[],"_links":{"self":[{"href":"https:\/\/internacional.ufpr.br\/portal\/wp-json\/wp\/v2\/posts\/4108","targetHints":{"allow":["GET"]}}],"collection":[{"href":"https:\/\/internacional.ufpr.br\/portal\/wp-json\/wp\/v2\/posts"}],"about":[{"href":"https:\/\/internacional.ufpr.br\/portal\/wp-json\/wp\/v2\/types\/post"}],"author":[{"embeddable":true,"href":"https:\/\/internacional.ufpr.br\/portal\/wp-json\/wp\/v2\/users\/12"}],"replies":[{"embeddable":true,"href":"https:\/\/internacional.ufpr.br\/portal\/wp-json\/wp\/v2\/comments?post=4108"}],"version-history":[{"count":11,"href":"https:\/\/internacional.ufpr.br\/portal\/wp-json\/wp\/v2\/posts\/4108\/revisions"}],"predecessor-version":[{"id":5150,"href":"https:\/\/internacional.ufpr.br\/portal\/wp-json\/wp\/v2\/posts\/4108\/revisions\/5150"}],"wp:attachment":[{"href":"https:\/\/internacional.ufpr.br\/portal\/wp-json\/wp\/v2\/media?parent=4108"}],"wp:term":[{"taxonomy":"category","embeddable":true,"href":"https:\/\/internacional.ufpr.br\/portal\/wp-json\/wp\/v2\/categories?post=4108"},{"taxonomy":"post_tag","embeddable":true,"href":"https:\/\/internacional.ufpr.br\/portal\/wp-json\/wp\/v2\/tags?post=4108"}],"curies":[{"name":"wp","href":"https:\/\/api.w.org\/{rel}","templated":true}]}}