{"id":4104,"date":"2019-02-26T17:29:45","date_gmt":"2019-02-26T20:29:45","guid":{"rendered":"https:\/\/internacional.ufpr.br\/portal\/?p=4104"},"modified":"2019-03-09T11:58:53","modified_gmt":"2019-03-09T14:58:53","slug":"instituto-kake-e-takahashi-edital-de-selecao-2019","status":"publish","type":"post","link":"https:\/\/internacional.ufpr.br\/portal\/2019\/02\/26\/instituto-kake-e-takahashi-edital-de-selecao-2019\/","title":{"rendered":"INSTITUTO KAKE E TAKAHASHI: Edital de Sele\u00e7\u00e3o 2019"},"content":{"rendered":"<p>A Ag\u00eancia UFPR Internacional abre as inscri\u00e7\u00f5es para o Programa de Interc\u00e2mbio Cultural e Lingu\u00edstico resultado da parceria entre a UFPR e PUC\/PR com os Institutos Educacionais Takahashi e Kake.<\/p>\n<p>As inscri\u00e7\u00f5es v\u00e3o at\u00e9 07 de mar\u00e7o e a viagem est\u00e1 programada para acontecer de\u00a0 01 a 16 de julho de 2019.<\/p>\n<p><a href=\"https:\/\/internacional.ufpr.br\/portal\/wp-content\/uploads\/2019\/02\/Edital-Japa\u0303o-2019.pdf\" target=\"_blank\" rel=\"noopener\">Consulte o Edital.<\/a><\/p>\n","protected":false},"excerpt":{"rendered":"<p>A Ag\u00eancia UFPR Internacional abre as inscri\u00e7\u00f5es para o Programa de Interc\u00e2mbio Cultural e Lingu\u00edstico resultado da parceria entre a UFPR e PUC\/PR com os Institutos Educacionais Takahashi e Kake. As inscri\u00e7\u00f5es v\u00e3o at\u00e9 07 de mar\u00e7o e a viagem est\u00e1 programada para acontecer de\u00a0 01 a 16 de julho de 2019. Consulte o Edital.<\/p>\n","protected":false},"author":12,"featured_media":0,"comment_status":"open","ping_status":"open","sticky":false,"template":"","format":"standard","meta":{"_acf_changed":false,"footnotes":""},"categories":[6],"tags":[23,40],"class_list":["post-4104","post","type-post","status-publish","format-standard","hentry","category-noticias","tag-editais","tag-kake"],"acf":[],"_links":{"self":[{"href":"https:\/\/internacional.ufpr.br\/portal\/wp-json\/wp\/v2\/posts\/4104","targetHints":{"allow":["GET"]}}],"collection":[{"href":"https:\/\/internacional.ufpr.br\/portal\/wp-json\/wp\/v2\/posts"}],"about":[{"href":"https:\/\/internacional.ufpr.br\/portal\/wp-json\/wp\/v2\/types\/post"}],"author":[{"embeddable":true,"href":"https:\/\/internacional.ufpr.br\/portal\/wp-json\/wp\/v2\/users\/12"}],"replies":[{"embeddable":true,"href":"https:\/\/internacional.ufpr.br\/portal\/wp-json\/wp\/v2\/comments?post=4104"}],"version-history":[{"count":1,"href":"https:\/\/internacional.ufpr.br\/portal\/wp-json\/wp\/v2\/posts\/4104\/revisions"}],"predecessor-version":[{"id":4106,"href":"https:\/\/internacional.ufpr.br\/portal\/wp-json\/wp\/v2\/posts\/4104\/revisions\/4106"}],"wp:attachment":[{"href":"https:\/\/internacional.ufpr.br\/portal\/wp-json\/wp\/v2\/media?parent=4104"}],"wp:term":[{"taxonomy":"category","embeddable":true,"href":"https:\/\/internacional.ufpr.br\/portal\/wp-json\/wp\/v2\/categories?post=4104"},{"taxonomy":"post_tag","embeddable":true,"href":"https:\/\/internacional.ufpr.br\/portal\/wp-json\/wp\/v2\/tags?post=4104"}],"curies":[{"name":"wp","href":"https:\/\/api.w.org\/{rel}","templated":true}]}}