{"id":4057,"date":"2019-03-22T09:17:58","date_gmt":"2019-03-22T12:17:58","guid":{"rendered":"https:\/\/internacional.ufpr.br\/portal\/?p=4057"},"modified":"2019-04-15T11:20:35","modified_gmt":"2019-04-15T14:20:35","slug":"erasmus-edital-de-selecao-de-alunos-para-a-international-week-em-assuncao","status":"publish","type":"post","link":"https:\/\/internacional.ufpr.br\/portal\/2019\/03\/22\/erasmus-edital-de-selecao-de-alunos-para-a-international-week-em-assuncao\/","title":{"rendered":"ERASMUS+: Poncho International Week (Resultado Final)"},"content":{"rendered":"<p><img loading=\"lazy\" decoding=\"async\" class=\"alignnone wp-image-4161\" src=\"https:\/\/internacional.ufpr.br\/portal\/wp-content\/uploads\/2019\/03\/POR-POSTER-300x115.png\" alt=\"\" width=\"602\" height=\"231\" srcset=\"https:\/\/internacional.ufpr.br\/portal\/wp-content\/uploads\/2019\/03\/POR-POSTER-300x115.png 300w, https:\/\/internacional.ufpr.br\/portal\/wp-content\/uploads\/2019\/03\/POR-POSTER-768x295.png 768w, https:\/\/internacional.ufpr.br\/portal\/wp-content\/uploads\/2019\/03\/POR-POSTER-26x10.png 26w, https:\/\/internacional.ufpr.br\/portal\/wp-content\/uploads\/2019\/03\/POR-POSTER.png 792w\" sizes=\"auto, (max-width: 602px) 100vw, 602px\" \/><\/p>\n<p>Abaixo a classifica\u00e7\u00e3o dos candidatos inscritos no EDITAL n\u00ba 02 de 25 DE FEVEREIRO DE 2019. Lembrando que os selecionados para participar da <strong>Poncho International Week<\/strong> s\u00e3o os primeiros colocados de cada lista. Em caso de desist\u00eancia, o seguinte classificado da respectiva lista ser\u00e1 convocado. As alunas selecionadas ser\u00e3o contatadas para confirmar sua participa\u00e7\u00e3o.<\/p>\n<p><strong>Pr\u00e9via Experi\u00eancia Internacional<\/strong><\/p>\n<table style=\"height: 138px;\" width=\"688\">\n<tbody>\n<tr>\n<td style=\"text-align: center;\" width=\"267\"><strong>Nome Completo<\/strong><\/td>\n<td style=\"text-align: center;\" width=\"121\"><strong>Nota Final<\/strong><\/td>\n<\/tr>\n<tr>\n<td><span style=\"color: #008000;\"><strong>Alexandra Dos Santos Gropp<\/strong><\/span><\/td>\n<td>\u00a0\u00a0\u00a0\u00a0\u00a0\u00a0\u00a0\u00a0\u00a0\u00a0\u00a0\u00a0\u00a0\u00a0\u00a0\u00a0\u00a0\u00a0\u00a0\u00a0\u00a0\u00a0\u00a0\u00a0\u00a0\u00a0 <strong><span style=\"color: #008000;\">76,44<\/span><\/strong><\/td>\n<\/tr>\n<tr>\n<td>Thalyane Rodrigues<\/td>\n<td>\u00a0\u00a0\u00a0\u00a0\u00a0\u00a0\u00a0\u00a0\u00a0\u00a0\u00a0\u00a0\u00a0\u00a0\u00a0\u00a0\u00a0\u00a0\u00a0\u00a0\u00a0\u00a0\u00a0\u00a0\u00a0\u00a0 63,33<\/td>\n<\/tr>\n<tr>\n<td>Cec\u00edlia Nunes de S\u00e1<\/td>\n<td>\u00a0\u00a0\u00a0\u00a0\u00a0\u00a0\u00a0\u00a0\u00a0\u00a0\u00a0\u00a0\u00a0\u00a0\u00a0\u00a0\u00a0\u00a0\u00a0\u00a0\u00a0\u00a0\u00a0\u00a0\u00a0\u00a0 53,11<\/td>\n<\/tr>\n<tr>\n<td>Lincoln Renato Vieira Zanardine<\/td>\n<td>\u00a0\u00a0\u00a0\u00a0\u00a0\u00a0\u00a0\u00a0\u00a0\u00a0\u00a0\u00a0\u00a0\u00a0\u00a0\u00a0\u00a0\u00a0\u00a0\u00a0\u00a0\u00a0\u00a0\u00a0\u00a0\u00a0 42,17<\/td>\n<\/tr>\n<\/tbody>\n<\/table>\n<p><strong>Sem Pr\u00e9via Experi\u00eancia Internacional<\/strong><\/p>\n<table style=\"height: 137px;\" width=\"720\">\n<tbody>\n<tr>\n<td width=\"267\"><strong>Nome Completo<\/strong><\/td>\n<td style=\"text-align: center;\" width=\"121\"><strong>Nota Final<\/strong><\/td>\n<\/tr>\n<tr>\n<td><span style=\"color: #008000;\"><strong>Georgia Catherine Andreis de Bona Sartor<\/strong><\/span><\/td>\n<td>\u00a0\u00a0\u00a0\u00a0\u00a0\u00a0\u00a0\u00a0\u00a0\u00a0\u00a0\u00a0\u00a0\u00a0\u00a0\u00a0\u00a0\u00a0\u00a0\u00a0\u00a0\u00a0\u00a0\u00a0<strong><span style=\"color: #008000;\">\u00a0\u00a0 75,67<\/span><\/strong><\/td>\n<\/tr>\n<tr>\n<td>Danilo de Oliveira<\/td>\n<td>\u00a0\u00a0\u00a0\u00a0\u00a0\u00a0\u00a0\u00a0\u00a0\u00a0\u00a0\u00a0\u00a0\u00a0\u00a0\u00a0\u00a0\u00a0\u00a0\u00a0\u00a0\u00a0\u00a0\u00a0\u00a0\u00a0 67,53<\/td>\n<\/tr>\n<tr>\n<td>Pedro Juan Furtado Neves<\/td>\n<td>\u00a0\u00a0\u00a0\u00a0\u00a0\u00a0\u00a0\u00a0\u00a0\u00a0\u00a0\u00a0\u00a0\u00a0\u00a0\u00a0\u00a0\u00a0\u00a0\u00a0\u00a0\u00a0\u00a0\u00a0\u00a0\u00a0 62,50<\/td>\n<\/tr>\n<tr>\n<td>Vagner Maur\u00edcio da Silva Antunes<\/td>\n<td>\u00a0\u00a0\u00a0\u00a0\u00a0\u00a0\u00a0\u00a0\u00a0\u00a0\u00a0\u00a0\u00a0\u00a0\u00a0\u00a0\u00a0\u00a0\u00a0\u00a0\u00a0\u00a0\u00a0\u00a0\u00a0\u00a0 55,17<\/td>\n<\/tr>\n<tr>\n<td>Eloisa Pissaia<\/td>\n<td>\u00a0\u00a0\u00a0\u00a0\u00a0\u00a0\u00a0\u00a0\u00a0\u00a0\u00a0\u00a0\u00a0\u00a0\u00a0\u00a0\u00a0\u00a0\u00a0\u00a0\u00a0\u00a0\u00a0\u00a0\u00a0\u00a0 49,17<\/td>\n<\/tr>\n<\/tbody>\n<\/table>\n<p>&nbsp;<\/p>\n<p>&nbsp;<\/p>\n<hr \/>\n<h4>ERASMUS+: Poncho International Week (Resultado Parcial)<\/h4>\n<p>21\/03\/2019 <a title=\"Posts de Admin Ag\u00eancia Internacional\" href=\"https:\/\/internacional.ufpr.br\/portal\/author\/adminter\/\" rel=\"author\">Admin Ag\u00eancia Internacional<\/a><\/p>\n<p>Abaixo segue listagem com as inscri\u00e7\u00f5es deferidas, lembrando que dentre os nomes h\u00e1 estudantes com pr\u00e9via experi\u00eancia de mobilidade e outros n\u00e3o:<\/p>\n<table style=\"height: 253px;\" width=\"407\">\n<tbody>\n<tr>\n<td width=\"326\">Alexandra Dos Santos Gropp<\/td>\n<\/tr>\n<tr>\n<td>Cec\u00edlia Nunes de S\u00e1<\/td>\n<\/tr>\n<tr>\n<td>Danilo de Oliveira<\/td>\n<\/tr>\n<tr>\n<td>Eloisa Pissaia<\/td>\n<\/tr>\n<tr>\n<td>Georgia Catherine Andreis de Bona Sartor<\/td>\n<\/tr>\n<tr>\n<td>Lincoln Renato Vieira Zanardine<\/td>\n<\/tr>\n<tr>\n<td>Pedro Juan Furtado Neves<\/td>\n<\/tr>\n<tr>\n<td>Thalyane Rodrigues<\/td>\n<\/tr>\n<tr>\n<td>Vagner Maur\u00edcio da Silva Antunes<\/td>\n<\/tr>\n<\/tbody>\n<\/table>\n<p>Ao total foram recebidas 12 candidaturas, sendo que o estudante cuja candidatura foi indeferida j\u00e1 foi informado por e-mail.<\/p>\n<p>O resultado final deve sair amanh\u00e3.<\/p>\n<p>&nbsp;<\/p>\n<hr \/>\n<p>&nbsp;<\/p>\n<h4>ERASMUS+: Edital de Sele\u00e7\u00e3o Discente para a Poncho International Week em Assun\u00e7\u00e3o<\/h4>\n<p>21\/02\/2019 <a title=\"Posts de Admin Ag\u00eancia Internacional\" href=\"https:\/\/internacional.ufpr.br\/portal\/author\/adminter\/\" rel=\"author\">Admin Ag\u00eancia Internacional<\/a><\/p>\n<p>Na c\u00e1tedra do ERASMUS+ Poncho, a AUI seleciona dois estudantes de gradua\u00e7\u00e3o para participar da <strong>Poncho International Week<\/strong> que acontecer\u00e1 em Assun\u00e7\u00e3o no Paraguai no per\u00edodo de <strong>06 a 10 de maio de 2019<\/strong>. Durante essa semana, os alunos selecionados ir\u00e3o conviver e realizar atividades, em conjunto, com alunos de mais outras 15 universidades da Am\u00e9rica Latina e Europa.<\/p>\n<p>Ser\u00e3o cobertas as despesas de alojamento, alimenta\u00e7\u00e3o, seguro viagem e bilhetes a\u00e9reos cobertos pelo evento.<\/p>\n<p>Crit\u00e9rios para participa\u00e7\u00e3o:<\/p>\n<ul>\n<li>Integraliza\u00e7\u00e3o m\u00ednima de 40% do curso (sem pend\u00eancias);<\/li>\n<li>Integraliza\u00e7\u00e3o m\u00e1xima de 80% do curso;<\/li>\n<li>\u00cdndice de Rendimento Acad\u00eamico (IRA) superior ou igual a 0,7000;<\/li>\n<li>No m\u00e1ximo 01 (uma) reprova\u00e7\u00e3o (j\u00e1 vencida com aprova\u00e7\u00e3o) no momento da inscri\u00e7\u00e3o;<\/li>\n<li>N\u00edvel B1 de profici\u00eancia em ingl\u00eas comprovada por um certificado oficial (TOEFL, CELIN, IELTS, CAMBRIDGE, etc);<\/li>\n<li>Apresenta\u00e7\u00e3o em V\u00eddeo \u00a0(3 a 5 minutos) em espanhol defendendo a sua candidatura.<\/li>\n<\/ul>\n<p>Ser\u00e3o selecionados dois estudantes, um que j\u00e1 possua algum tipo de experi\u00eancia internacional acad\u00eamica (mobilidade, est\u00e1gio, pesquisa) e outro sem nenhuma. No momento da inscri\u00e7\u00e3o o candidato dever\u00e1 selecionar a qual vaga quer concorrer. O evento acontecer\u00e1 na <span class=\"st\"><em>Universidad Aut\u00f3noma de Asunci\u00f3n.<\/em><\/span><\/p>\n<p>D\u00favidas, favor contatar erasmus.ufpr@gmail.com.<\/p>\n<p><a href=\"https:\/\/form.jotformz.com\/90517445873666\" target=\"_blank\" rel=\"noopener\">Fa\u00e7a sua inscri\u00e7\u00e3o<\/a> (abertas at\u00e9 17 de mar\u00e7o de 2019)<\/p>\n<p><a href=\"https:\/\/internacional.ufpr.br\/portal\/wp-content\/uploads\/2019\/02\/2019_Poncho-_International_Week.pdf\" target=\"_blank\" rel=\"noopener\">Consulte o Edital\u00a0<\/a><\/p>\n","protected":false},"excerpt":{"rendered":"<p>Abaixo a classifica\u00e7\u00e3o dos candidatos inscritos no EDITAL n\u00ba 02 de 25 DE FEVEREIRO DE 2019. Lembrando que os selecionados para participar da Poncho International Week s\u00e3o os primeiros colocados de cada lista. Em caso de desist\u00eancia, o seguinte classificado da respectiva lista ser\u00e1 convocado. As alunas selecionadas ser\u00e3o contatadas para confirmar sua participa\u00e7\u00e3o. Pr\u00e9via [&hellip;]<\/p>\n","protected":false},"author":12,"featured_media":0,"comment_status":"open","ping_status":"open","sticky":false,"template":"","format":"standard","meta":{"_acf_changed":false,"footnotes":""},"categories":[6],"tags":[43,56],"class_list":["post-4057","post","type-post","status-publish","format-standard","hentry","category-noticias","tag-bolsas","tag-evento"],"acf":[],"_links":{"self":[{"href":"https:\/\/internacional.ufpr.br\/portal\/wp-json\/wp\/v2\/posts\/4057","targetHints":{"allow":["GET"]}}],"collection":[{"href":"https:\/\/internacional.ufpr.br\/portal\/wp-json\/wp\/v2\/posts"}],"about":[{"href":"https:\/\/internacional.ufpr.br\/portal\/wp-json\/wp\/v2\/types\/post"}],"author":[{"embeddable":true,"href":"https:\/\/internacional.ufpr.br\/portal\/wp-json\/wp\/v2\/users\/12"}],"replies":[{"embeddable":true,"href":"https:\/\/internacional.ufpr.br\/portal\/wp-json\/wp\/v2\/comments?post=4057"}],"version-history":[{"count":38,"href":"https:\/\/internacional.ufpr.br\/portal\/wp-json\/wp\/v2\/posts\/4057\/revisions"}],"predecessor-version":[{"id":4172,"href":"https:\/\/internacional.ufpr.br\/portal\/wp-json\/wp\/v2\/posts\/4057\/revisions\/4172"}],"wp:attachment":[{"href":"https:\/\/internacional.ufpr.br\/portal\/wp-json\/wp\/v2\/media?parent=4057"}],"wp:term":[{"taxonomy":"category","embeddable":true,"href":"https:\/\/internacional.ufpr.br\/portal\/wp-json\/wp\/v2\/categories?post=4057"},{"taxonomy":"post_tag","embeddable":true,"href":"https:\/\/internacional.ufpr.br\/portal\/wp-json\/wp\/v2\/tags?post=4057"}],"curies":[{"name":"wp","href":"https:\/\/api.w.org\/{rel}","templated":true}]}}