{"id":4052,"date":"2019-02-10T14:38:36","date_gmt":"2019-02-10T16:38:36","guid":{"rendered":"https:\/\/internacional.ufpr.br\/portal\/?p=4052"},"modified":"2019-02-28T08:54:16","modified_gmt":"2019-02-28T11:54:16","slug":"nova-zelandia-oferece-bolsas-para-estudantes","status":"publish","type":"post","link":"https:\/\/internacional.ufpr.br\/portal\/2019\/02\/10\/nova-zelandia-oferece-bolsas-para-estudantes\/","title":{"rendered":"BOLSAS: Nova Zel\u00e2ndia oferece bolsas para estudantes"},"content":{"rendered":"<p>Est\u00e3o abertas as inscri\u00e7\u00f5es para brasileiros interessados em bolsas de estudo de ensino superior do Governo da Nova Zel\u00e2ndia. Os candidatos tem at\u00e9 14 de mar\u00e7o para participar da sele\u00e7\u00e3o.<br \/>\nAs bolsas s\u00e3o destinadas a estudantes do ensino superior &#8211; gradua\u00e7\u00e3o e p\u00f3s-gradua\u00e7\u00e3o &#8211; e cobrem passagens \u00e1reas de ida e volta, o valor do curso universit\u00e1rio e aux\u00edlios.<\/p>\n<p>O processo \u00e9 feito exclusivamente via internet. Para conhecer os detalhes e requisitos da bolsa e pleitear o aux\u00edlio \u00e9 preciso seguir os passos indicados no link: <a href=\"https:\/\/goo.gl\/QVPyDN.\">https:\/\/goo.gl\/QVPyDN.<\/a><\/p>\n<p>(fonte: Jornal Metro, p\u00e1gina 2, 20\/02\/2019 &#8211; metrojornal.com.br)<\/p>\n","protected":false},"excerpt":{"rendered":"<p>Est\u00e3o abertas as inscri\u00e7\u00f5es para brasileiros interessados em bolsas de estudo de ensino superior do Governo da Nova Zel\u00e2ndia. Os candidatos tem at\u00e9 14 de mar\u00e7o para participar da sele\u00e7\u00e3o. As bolsas s\u00e3o destinadas a estudantes do ensino superior &#8211; gradua\u00e7\u00e3o e p\u00f3s-gradua\u00e7\u00e3o &#8211; e cobrem passagens \u00e1reas de ida e volta, o valor do [&hellip;]<\/p>\n","protected":false},"author":12,"featured_media":0,"comment_status":"open","ping_status":"open","sticky":false,"template":"","format":"standard","meta":{"_acf_changed":false,"footnotes":""},"categories":[6],"tags":[],"class_list":["post-4052","post","type-post","status-publish","format-standard","hentry","category-noticias"],"acf":[],"_links":{"self":[{"href":"https:\/\/internacional.ufpr.br\/portal\/wp-json\/wp\/v2\/posts\/4052","targetHints":{"allow":["GET"]}}],"collection":[{"href":"https:\/\/internacional.ufpr.br\/portal\/wp-json\/wp\/v2\/posts"}],"about":[{"href":"https:\/\/internacional.ufpr.br\/portal\/wp-json\/wp\/v2\/types\/post"}],"author":[{"embeddable":true,"href":"https:\/\/internacional.ufpr.br\/portal\/wp-json\/wp\/v2\/users\/12"}],"replies":[{"embeddable":true,"href":"https:\/\/internacional.ufpr.br\/portal\/wp-json\/wp\/v2\/comments?post=4052"}],"version-history":[{"count":3,"href":"https:\/\/internacional.ufpr.br\/portal\/wp-json\/wp\/v2\/posts\/4052\/revisions"}],"predecessor-version":[{"id":4111,"href":"https:\/\/internacional.ufpr.br\/portal\/wp-json\/wp\/v2\/posts\/4052\/revisions\/4111"}],"wp:attachment":[{"href":"https:\/\/internacional.ufpr.br\/portal\/wp-json\/wp\/v2\/media?parent=4052"}],"wp:term":[{"taxonomy":"category","embeddable":true,"href":"https:\/\/internacional.ufpr.br\/portal\/wp-json\/wp\/v2\/categories?post=4052"},{"taxonomy":"post_tag","embeddable":true,"href":"https:\/\/internacional.ufpr.br\/portal\/wp-json\/wp\/v2\/tags?post=4052"}],"curies":[{"name":"wp","href":"https:\/\/api.w.org\/{rel}","templated":true}]}}