{"id":4050,"date":"2019-02-20T09:49:30","date_gmt":"2019-02-20T12:49:30","guid":{"rendered":"https:\/\/internacional.ufpr.br\/portal\/?p=4050"},"modified":"2019-02-26T10:05:10","modified_gmt":"2019-02-26T13:05:10","slug":"bolsas","status":"publish","type":"post","link":"https:\/\/internacional.ufpr.br\/portal\/2019\/02\/20\/bolsas\/","title":{"rendered":"BOLSAS: Participe do South American Business Forum em Buenos Aires"},"content":{"rendered":"<p dir=\"ltr\">No per\u00edodo de 25 a 27 de julho de 2019 acontecer\u00e1 em Buenos Aires (Argentina), o SABF (South American Business Forum). Organizado pelo ITBA (Instituto Tecnol\u00f3gico de Buenos Aires), o evento <span lang=\"pt\">busca reunir 100 estudantes not\u00e1veis \u200b\u200bdo mundo inteiro com origens, interesses e ideias muito diferentes e 40 l\u00edderes mundiais e palestrantes, para debaterem sobre desafios globais com uma perspectiva mundial.<\/span><\/p>\n<p dir=\"ltr\"><span lang=\"pt\">A SABF n\u00e3o cobra uma taxa de participa\u00e7\u00e3o e todas as despesas em Buenos Aires, durante a confer\u00eancia, ser\u00e3o cobertas (refei\u00e7\u00f5es e acomoda\u00e7\u00f5es). <\/span><span lang=\"pt\">O per\u00edodo de inscri\u00e7\u00f5es come\u00e7a em 17 de fevereiro e termina em 27 de abril. <\/span><\/p>\n<p dir=\"ltr\"><span lang=\"pt\">Para se inscrever no f\u00f3rum, os alunos devem escrever um &#8220;paper&#8221; sobre o tema principal desta edi\u00e7\u00e3o: \u201cInconvenient Perspectives\u201d ou outro t\u00f3pico como: \u201cTribalism\u201d, \u201cEffective Governance\u201d ou \u201cThe Attention Economy\u201d.<\/span><\/p>\n<p dir=\"ltr\"><span lang=\"pt\"> Para mais informa\u00e7\u00f5es, visite a <a href=\"https:\/\/www.sabf.org.ar\/\" target=\"_blank\" rel=\"noopener\">p\u00e1gina web<\/a> do evento ou contate <a href=\"mailto:students@sabf.org.ar\" target=\"_blank\" rel=\"noopener\">students@sabf.org.ar<\/a>.<\/span><\/p>\n","protected":false},"excerpt":{"rendered":"<p>No per\u00edodo de 25 a 27 de julho de 2019 acontecer\u00e1 em Buenos Aires (Argentina), o SABF (South American Business Forum). Organizado pelo ITBA (Instituto Tecnol\u00f3gico de Buenos Aires), o evento busca reunir 100 estudantes not\u00e1veis \u200b\u200bdo mundo inteiro com origens, interesses e ideias muito diferentes e 40 l\u00edderes mundiais e palestrantes, para debaterem sobre [&hellip;]<\/p>\n","protected":false},"author":12,"featured_media":0,"comment_status":"open","ping_status":"open","sticky":false,"template":"","format":"standard","meta":{"_acf_changed":false,"footnotes":""},"categories":[6],"tags":[43,56],"class_list":["post-4050","post","type-post","status-publish","format-standard","hentry","category-noticias","tag-bolsas","tag-evento"],"acf":[],"_links":{"self":[{"href":"https:\/\/internacional.ufpr.br\/portal\/wp-json\/wp\/v2\/posts\/4050","targetHints":{"allow":["GET"]}}],"collection":[{"href":"https:\/\/internacional.ufpr.br\/portal\/wp-json\/wp\/v2\/posts"}],"about":[{"href":"https:\/\/internacional.ufpr.br\/portal\/wp-json\/wp\/v2\/types\/post"}],"author":[{"embeddable":true,"href":"https:\/\/internacional.ufpr.br\/portal\/wp-json\/wp\/v2\/users\/12"}],"replies":[{"embeddable":true,"href":"https:\/\/internacional.ufpr.br\/portal\/wp-json\/wp\/v2\/comments?post=4050"}],"version-history":[{"count":3,"href":"https:\/\/internacional.ufpr.br\/portal\/wp-json\/wp\/v2\/posts\/4050\/revisions"}],"predecessor-version":[{"id":4101,"href":"https:\/\/internacional.ufpr.br\/portal\/wp-json\/wp\/v2\/posts\/4050\/revisions\/4101"}],"wp:attachment":[{"href":"https:\/\/internacional.ufpr.br\/portal\/wp-json\/wp\/v2\/media?parent=4050"}],"wp:term":[{"taxonomy":"category","embeddable":true,"href":"https:\/\/internacional.ufpr.br\/portal\/wp-json\/wp\/v2\/categories?post=4050"},{"taxonomy":"post_tag","embeddable":true,"href":"https:\/\/internacional.ufpr.br\/portal\/wp-json\/wp\/v2\/tags?post=4050"}],"curies":[{"name":"wp","href":"https:\/\/api.w.org\/{rel}","templated":true}]}}