{"id":3490,"date":"2018-09-06T14:44:55","date_gmt":"2018-09-06T17:44:55","guid":{"rendered":"http:\/\/internacional.ufpr.br\/portal\/?p=3490"},"modified":"2018-10-10T10:12:56","modified_gmt":"2018-10-10T13:12:56","slug":"mobilidade-nacional-ufpr-edital-de-selecao-2019-1","status":"publish","type":"post","link":"https:\/\/internacional.ufpr.br\/portal\/2018\/09\/06\/mobilidade-nacional-ufpr-edital-de-selecao-2019-1\/","title":{"rendered":"MOBILIDADE ACAD\u00caMICA NACIONAL: Edital de sele\u00e7\u00e3o (2019\/1)"},"content":{"rendered":"<p><img loading=\"lazy\" decoding=\"async\" class=\" wp-image-3501 alignleft\" src=\"http:\/\/internacional.ufpr.br\/portal\/wp-content\/uploads\/2018\/09\/MOBINAC-2018-300x251.jpg\" alt=\"\" width=\"312\" height=\"261\" srcset=\"https:\/\/internacional.ufpr.br\/portal\/wp-content\/uploads\/2018\/09\/MOBINAC-2018-300x251.jpg 300w, https:\/\/internacional.ufpr.br\/portal\/wp-content\/uploads\/2018\/09\/MOBINAC-2018-768x644.jpg 768w, https:\/\/internacional.ufpr.br\/portal\/wp-content\/uploads\/2018\/09\/MOBINAC-2018-12x10.jpg 12w, https:\/\/internacional.ufpr.br\/portal\/wp-content\/uploads\/2018\/09\/MOBINAC-2018.jpg 940w\" sizes=\"auto, (max-width: 312px) 100vw, 312px\" \/><\/p>\n<p>Est\u00e3o abertas at\u00e9 dia 05\/10\/18, as incri\u00e7\u00f5es para a chamada regular do Programa de Mobilidade Nacional UFPR, sa\u00edda 2019\/1.<\/p>\n<p>Outros detalhes e instru\u00e7\u00f5es de como se inscrever, <a href=\"http:\/\/internacional.ufpr.br\/portal\/wp-content\/uploads\/2018\/09\/Edital-Nacional_SA\u00cdDA-2019.1.pdf\" target=\"_blank\" rel=\"noopener\">acesse o edital.<\/a><\/p>\n<p>&nbsp;<\/p>\n","protected":false},"excerpt":{"rendered":"<p>Est\u00e3o abertas at\u00e9 dia 05\/10\/18, as incri\u00e7\u00f5es para a chamada regular do Programa de Mobilidade Nacional UFPR, sa\u00edda 2019\/1. Outros detalhes e instru\u00e7\u00f5es de como se inscrever, acesse o edital. &nbsp;<\/p>\n","protected":false},"author":12,"featured_media":0,"comment_status":"open","ping_status":"open","sticky":false,"template":"","format":"standard","meta":{"_acf_changed":false,"footnotes":""},"categories":[6],"tags":[78,23,28,111],"class_list":["post-3490","post","type-post","status-publish","format-standard","hentry","category-noticias","tag-andifes","tag-editais","tag-mobilidade","tag-mobilidade-academica-nacional"],"acf":[],"_links":{"self":[{"href":"https:\/\/internacional.ufpr.br\/portal\/wp-json\/wp\/v2\/posts\/3490","targetHints":{"allow":["GET"]}}],"collection":[{"href":"https:\/\/internacional.ufpr.br\/portal\/wp-json\/wp\/v2\/posts"}],"about":[{"href":"https:\/\/internacional.ufpr.br\/portal\/wp-json\/wp\/v2\/types\/post"}],"author":[{"embeddable":true,"href":"https:\/\/internacional.ufpr.br\/portal\/wp-json\/wp\/v2\/users\/12"}],"replies":[{"embeddable":true,"href":"https:\/\/internacional.ufpr.br\/portal\/wp-json\/wp\/v2\/comments?post=3490"}],"version-history":[{"count":4,"href":"https:\/\/internacional.ufpr.br\/portal\/wp-json\/wp\/v2\/posts\/3490\/revisions"}],"predecessor-version":[{"id":3503,"href":"https:\/\/internacional.ufpr.br\/portal\/wp-json\/wp\/v2\/posts\/3490\/revisions\/3503"}],"wp:attachment":[{"href":"https:\/\/internacional.ufpr.br\/portal\/wp-json\/wp\/v2\/media?parent=3490"}],"wp:term":[{"taxonomy":"category","embeddable":true,"href":"https:\/\/internacional.ufpr.br\/portal\/wp-json\/wp\/v2\/categories?post=3490"},{"taxonomy":"post_tag","embeddable":true,"href":"https:\/\/internacional.ufpr.br\/portal\/wp-json\/wp\/v2\/tags?post=3490"}],"curies":[{"name":"wp","href":"https:\/\/api.w.org\/{rel}","templated":true}]}}