{"id":328,"date":"2017-09-05T14:56:52","date_gmt":"2017-09-05T17:56:52","guid":{"rendered":"http:\/\/internacional.ufpr.br\/portal\/?p=328"},"modified":"2018-04-06T08:22:47","modified_gmt":"2018-04-06T11:22:47","slug":"edital-escala-de-graduacao-augm-saida-20181","status":"publish","type":"post","link":"https:\/\/internacional.ufpr.br\/portal\/2017\/09\/05\/edital-escala-de-graduacao-augm-saida-20181\/","title":{"rendered":"ESCALA DE GRADUA\u00c7\u00c3O AUGM: Edital de sele\u00e7\u00e3o (Sa\u00edda 2018\/1)"},"content":{"rendered":"<p><strong>EDITAL ESCALA de ESTUDANTES de GRADUA\u00c7\u00c3O AUGM &#8211; SA\u00cdDA no 1\u00ba SEMESTRE de 2018<\/strong><\/p>\n<p><strong>INSCRI\u00c7\u00d5ES ABERTAS<\/strong><\/p>\n","protected":false},"excerpt":{"rendered":"<p>EDITAL ESCALA de ESTUDANTES de GRADUA\u00c7\u00c3O AUGM &#8211; SA\u00cdDA no 1\u00ba SEMESTRE de 2018 INSCRI\u00c7\u00d5ES ABERTAS<\/p>\n","protected":false},"author":12,"featured_media":0,"comment_status":"closed","ping_status":"open","sticky":false,"template":"","format":"standard","meta":{"_acf_changed":false,"footnotes":""},"categories":[6],"tags":[32,43,29,23,28],"class_list":["post-328","post","type-post","status-publish","format-standard","hentry","category-noticias","tag-augm","tag-bolsas","tag-discente","tag-editais","tag-mobilidade"],"acf":[],"_links":{"self":[{"href":"https:\/\/internacional.ufpr.br\/portal\/wp-json\/wp\/v2\/posts\/328","targetHints":{"allow":["GET"]}}],"collection":[{"href":"https:\/\/internacional.ufpr.br\/portal\/wp-json\/wp\/v2\/posts"}],"about":[{"href":"https:\/\/internacional.ufpr.br\/portal\/wp-json\/wp\/v2\/types\/post"}],"author":[{"embeddable":true,"href":"https:\/\/internacional.ufpr.br\/portal\/wp-json\/wp\/v2\/users\/12"}],"replies":[{"embeddable":true,"href":"https:\/\/internacional.ufpr.br\/portal\/wp-json\/wp\/v2\/comments?post=328"}],"version-history":[{"count":6,"href":"https:\/\/internacional.ufpr.br\/portal\/wp-json\/wp\/v2\/posts\/328\/revisions"}],"predecessor-version":[{"id":697,"href":"https:\/\/internacional.ufpr.br\/portal\/wp-json\/wp\/v2\/posts\/328\/revisions\/697"}],"wp:attachment":[{"href":"https:\/\/internacional.ufpr.br\/portal\/wp-json\/wp\/v2\/media?parent=328"}],"wp:term":[{"taxonomy":"category","embeddable":true,"href":"https:\/\/internacional.ufpr.br\/portal\/wp-json\/wp\/v2\/categories?post=328"},{"taxonomy":"post_tag","embeddable":true,"href":"https:\/\/internacional.ufpr.br\/portal\/wp-json\/wp\/v2\/tags?post=328"}],"curies":[{"name":"wp","href":"https:\/\/api.w.org\/{rel}","templated":true}]}}