{"id":324,"date":"2017-08-25T14:54:45","date_gmt":"2017-08-25T17:54:45","guid":{"rendered":"http:\/\/internacional.ufpr.br\/portal\/?p=324"},"modified":"2018-10-09T13:16:26","modified_gmt":"2018-10-09T16:16:26","slug":"mobilidade-academica-duplo-diploma-setor-de-tecnologia","status":"publish","type":"post","link":"https:\/\/internacional.ufpr.br\/portal\/2017\/08\/25\/mobilidade-academica-duplo-diploma-setor-de-tecnologia\/","title":{"rendered":"DUPLO DIPLOMA: Edital de Sele\u00e7\u00e3o"},"content":{"rendered":"<p>A Ag\u00eancia Internacional atrav\u00e9s de sua comiss\u00e3o setorial de Tecnologia abre as inscri\u00e7\u00f5es para o processo seletivo para mobilidade de dupla diploma\u00e7\u00e3o. Acesse o edital e inscri\u00e7\u00f5es\u00a0<a href=\"https:\/\/internacionalufpr.files.wordpress.com\/2017\/08\/edital-dd-2017-2018.pdf\" target=\"_blank\" rel=\"noopener\">aqui<\/a>.<\/p>\n","protected":false},"excerpt":{"rendered":"<p>A Ag\u00eancia Internacional atrav\u00e9s de sua comiss\u00e3o setorial de Tecnologia abre as inscri\u00e7\u00f5es para o processo seletivo para mobilidade de dupla diploma\u00e7\u00e3o. Acesse o edital e inscri\u00e7\u00f5es\u00a0aqui.<\/p>\n","protected":false},"author":12,"featured_media":0,"comment_status":"open","ping_status":"open","sticky":false,"template":"","format":"standard","meta":{"_acf_changed":false,"footnotes":""},"categories":[6],"tags":[29,34,23,28],"class_list":["post-324","post","type-post","status-publish","format-standard","hentry","category-noticias","tag-discente","tag-duplo-diploma","tag-editais","tag-mobilidade"],"acf":[],"_links":{"self":[{"href":"https:\/\/internacional.ufpr.br\/portal\/wp-json\/wp\/v2\/posts\/324","targetHints":{"allow":["GET"]}}],"collection":[{"href":"https:\/\/internacional.ufpr.br\/portal\/wp-json\/wp\/v2\/posts"}],"about":[{"href":"https:\/\/internacional.ufpr.br\/portal\/wp-json\/wp\/v2\/types\/post"}],"author":[{"embeddable":true,"href":"https:\/\/internacional.ufpr.br\/portal\/wp-json\/wp\/v2\/users\/12"}],"replies":[{"embeddable":true,"href":"https:\/\/internacional.ufpr.br\/portal\/wp-json\/wp\/v2\/comments?post=324"}],"version-history":[{"count":6,"href":"https:\/\/internacional.ufpr.br\/portal\/wp-json\/wp\/v2\/posts\/324\/revisions"}],"predecessor-version":[{"id":3701,"href":"https:\/\/internacional.ufpr.br\/portal\/wp-json\/wp\/v2\/posts\/324\/revisions\/3701"}],"wp:attachment":[{"href":"https:\/\/internacional.ufpr.br\/portal\/wp-json\/wp\/v2\/media?parent=324"}],"wp:term":[{"taxonomy":"category","embeddable":true,"href":"https:\/\/internacional.ufpr.br\/portal\/wp-json\/wp\/v2\/categories?post=324"},{"taxonomy":"post_tag","embeddable":true,"href":"https:\/\/internacional.ufpr.br\/portal\/wp-json\/wp\/v2\/tags?post=324"}],"curies":[{"name":"wp","href":"https:\/\/api.w.org\/{rel}","templated":true}]}}