{"id":3104,"date":"2018-02-22T00:00:00","date_gmt":"2018-02-22T03:00:00","guid":{"rendered":"http:\/\/www.internacional.ufpr.br\/portal\/2018\/02\/22\/bolsas-convocatorias-de-instituicoes-parceiras-2\/"},"modified":"2018-02-22T00:00:00","modified_gmt":"2018-02-22T03:00:00","slug":"bolsas-convocatorias-de-instituicoes-parceiras-2","status":"publish","type":"post","link":"https:\/\/internacional.ufpr.br\/portal\/2018\/02\/22\/bolsas-convocatorias-de-instituicoes-parceiras-2\/","title":{"rendered":"BOLSAS: Convocat\u00f3rias de institui\u00e7\u00f5es parceiras"},"content":{"rendered":"<p>Est&atilde;o dispon&iacute;veis algumas op&ccedil;&otilde;es de bolsas oferecidas por institui&ccedil;&otilde;es parceiras da UFPR.<br \/>\n&nbsp;<br \/>\nUniversidad de La Rioja oferece bolsa para Cursos de L&iacute;ngua e Cultura Espanholas<br \/>\nO Edital est&aacute; aberto no per&iacute;odo de 12 de fevereiro at&eacute; 14 horas (hora espanhola) o dia 9 de abril de 2018. Informa&ccedil;&otilde;es e inscri&ccedil;&otilde;es na p&aacute;gina da&nbsp;convocat&oacute;ria.<br \/>\n&nbsp;<br \/>\nPrograma de Becas para Profesores e Investigadores J&oacute;venes de Universidades Latinoamericanas do Coimbra Group<br \/>\nAs inscri&ccedil;&otilde;es ficam abertas at&eacute; o dia 16 de mar&ccedil;o de 2018.&nbsp;Informa&ccedil;&otilde;es e inscri&ccedil;&otilde;es est&atilde;o dispon&iacute;veis no site do&nbsp;programa.<\/p>\n","protected":false},"excerpt":{"rendered":"<p>Est\u00e3o dispon\u00edveis algumas op\u00e7\u00f5es de bolsas oferecidas por institui\u00e7\u00f5es parceiras da UFPR.<\/p>\n","protected":false},"author":12,"featured_media":0,"comment_status":"open","ping_status":"open","sticky":false,"template":"","format":"standard","meta":{"_acf_changed":false,"footnotes":""},"categories":[6],"tags":[],"class_list":["post-3104","post","type-post","status-publish","format-standard","hentry","category-noticias"],"acf":[],"_links":{"self":[{"href":"https:\/\/internacional.ufpr.br\/portal\/wp-json\/wp\/v2\/posts\/3104","targetHints":{"allow":["GET"]}}],"collection":[{"href":"https:\/\/internacional.ufpr.br\/portal\/wp-json\/wp\/v2\/posts"}],"about":[{"href":"https:\/\/internacional.ufpr.br\/portal\/wp-json\/wp\/v2\/types\/post"}],"author":[{"embeddable":true,"href":"https:\/\/internacional.ufpr.br\/portal\/wp-json\/wp\/v2\/users\/12"}],"replies":[{"embeddable":true,"href":"https:\/\/internacional.ufpr.br\/portal\/wp-json\/wp\/v2\/comments?post=3104"}],"version-history":[{"count":0,"href":"https:\/\/internacional.ufpr.br\/portal\/wp-json\/wp\/v2\/posts\/3104\/revisions"}],"wp:attachment":[{"href":"https:\/\/internacional.ufpr.br\/portal\/wp-json\/wp\/v2\/media?parent=3104"}],"wp:term":[{"taxonomy":"category","embeddable":true,"href":"https:\/\/internacional.ufpr.br\/portal\/wp-json\/wp\/v2\/categories?post=3104"},{"taxonomy":"post_tag","embeddable":true,"href":"https:\/\/internacional.ufpr.br\/portal\/wp-json\/wp\/v2\/tags?post=3104"}],"curies":[{"name":"wp","href":"https:\/\/api.w.org\/{rel}","templated":true}]}}