{"id":3077,"date":"2017-03-14T00:00:00","date_gmt":"2017-03-14T03:00:00","guid":{"rendered":"http:\/\/www.internacional.ufpr.br\/portal\/2017\/03\/14\/errata-modifica-o-cronograma-previsto-nos-itens-f-e-g-do-edital-no-1\/"},"modified":"2017-03-14T00:00:00","modified_gmt":"2017-03-14T03:00:00","slug":"errata-modifica-o-cronograma-previsto-nos-itens-f-e-g-do-edital-no-1","status":"publish","type":"post","link":"https:\/\/internacional.ufpr.br\/portal\/2017\/03\/14\/errata-modifica-o-cronograma-previsto-nos-itens-f-e-g-do-edital-no-1\/","title":{"rendered":"ERRATA \u2013 modifica o cronograma previsto nos itens F e G do edital n\u00ba 1"},"content":{"rendered":"<p>Confira aqui a errata do edital n&ordm; 1&nbsp;Interc&acirc;mbio Cultural e Lingu&iacute;stico no Jap&atilde;o modificando o cronograma previsto.&nbsp;<\/p>\n","protected":false},"excerpt":{"rendered":"<p>Divulgada errata do edital n\u00ba 1 Interc\u00e2mbio Cultural e Lingu\u00edstico no Jap\u00e3o<\/p>\n","protected":false},"author":12,"featured_media":0,"comment_status":"open","ping_status":"open","sticky":false,"template":"","format":"standard","meta":{"_acf_changed":false,"footnotes":""},"categories":[6],"tags":[],"class_list":["post-3077","post","type-post","status-publish","format-standard","hentry","category-noticias"],"acf":[],"_links":{"self":[{"href":"https:\/\/internacional.ufpr.br\/portal\/wp-json\/wp\/v2\/posts\/3077","targetHints":{"allow":["GET"]}}],"collection":[{"href":"https:\/\/internacional.ufpr.br\/portal\/wp-json\/wp\/v2\/posts"}],"about":[{"href":"https:\/\/internacional.ufpr.br\/portal\/wp-json\/wp\/v2\/types\/post"}],"author":[{"embeddable":true,"href":"https:\/\/internacional.ufpr.br\/portal\/wp-json\/wp\/v2\/users\/12"}],"replies":[{"embeddable":true,"href":"https:\/\/internacional.ufpr.br\/portal\/wp-json\/wp\/v2\/comments?post=3077"}],"version-history":[{"count":0,"href":"https:\/\/internacional.ufpr.br\/portal\/wp-json\/wp\/v2\/posts\/3077\/revisions"}],"wp:attachment":[{"href":"https:\/\/internacional.ufpr.br\/portal\/wp-json\/wp\/v2\/media?parent=3077"}],"wp:term":[{"taxonomy":"category","embeddable":true,"href":"https:\/\/internacional.ufpr.br\/portal\/wp-json\/wp\/v2\/categories?post=3077"},{"taxonomy":"post_tag","embeddable":true,"href":"https:\/\/internacional.ufpr.br\/portal\/wp-json\/wp\/v2\/tags?post=3077"}],"curies":[{"name":"wp","href":"https:\/\/api.w.org\/{rel}","templated":true}]}}