{"id":3061,"date":"2016-07-27T00:00:00","date_gmt":"2016-07-27T03:00:00","guid":{"rendered":"http:\/\/www.internacional.ufpr.br\/portal\/2016\/07\/27\/united-nations-summer-school-empowering-the-environment\/"},"modified":"2016-07-27T00:00:00","modified_gmt":"2016-07-27T03:00:00","slug":"united-nations-summer-school-empowering-the-environment","status":"publish","type":"post","link":"https:\/\/internacional.ufpr.br\/portal\/2016\/07\/27\/united-nations-summer-school-empowering-the-environment\/","title":{"rendered":"United Nations Summer School \u2013 Empowering the environment"},"content":{"rendered":"<p>A confer&ecirc;ncia tratar&aacute; dos atuais problemas de ordem global relacionados ao meio ambiente. Al&eacute;m de apresentar a dimens&atilde;o ambiental da agenda de desenvolvimento para 2030, e o reflexo desta na polui&ccedil;&atilde;o e no gerenciamento de dejetos. &nbsp;O curso de ver&atilde;o focar&aacute; na desconstru&ccedil;&atilde;o dos problemas ambientais at&eacute; sua mais pura ess&ecirc;ncia.&nbsp;<\/p>\n<p>N&atilde;o h&aacute; taxas para a participa&ccedil;&atilde;o. Os organizadores fornecer&atilde;o acomoda&ccedil;&atilde;o, alimenta&ccedil;&atilde;o e transporte gratuito por Ljubljana. Infelizmente n&atilde;o est&atilde;o dispon&iacute;veis bolsas para as despesas de viagem (passagens de avi&atilde;o e taxas)&nbsp;<\/p>\n<p>A data limite de inscri&ccedil;&atilde;o &eacute; 10 de agosto de 2016. O n&uacute;mero de participantes &eacute; limitado, e os candidatos selecionados ser&atilde;o notificados no dia 12 de agosto de 2016.&nbsp;<\/p>\n<p>Quem est&aacute; convidado a participar? Jovens volunt&aacute;rios e\/ou ativistas com idade entre 18 e 30 anos.&nbsp;<\/p>\n<p>As candidaturas podem ser feitas em:&nbsp;<br \/>HTTPS:\/\/www.cognitoforms.com\/UNASlovenia1\/UnitedNationsSummerSchool2016ApplicationForm&nbsp;<\/p>\n","protected":false},"excerpt":{"rendered":"<p>Ljubljana \u2013 de 22 a 26 de agosto de 2016 A Embaixada da Rep\u00fablica da Eslov\u00eania em Bras\u00edlia tem o prazer de divulgar o curso de ver\u00e3o das Na\u00e7\u00f5es Unidas promovido pela Associa\u00e7\u00e3o para as Na\u00e7\u00f5es Unidas na Eslov\u00eania e a Universidade de Ljubljana.<\/p>\n","protected":false},"author":12,"featured_media":0,"comment_status":"open","ping_status":"open","sticky":false,"template":"","format":"standard","meta":{"_acf_changed":false,"footnotes":""},"categories":[6],"tags":[],"class_list":["post-3061","post","type-post","status-publish","format-standard","hentry","category-noticias"],"acf":[],"_links":{"self":[{"href":"https:\/\/internacional.ufpr.br\/portal\/wp-json\/wp\/v2\/posts\/3061","targetHints":{"allow":["GET"]}}],"collection":[{"href":"https:\/\/internacional.ufpr.br\/portal\/wp-json\/wp\/v2\/posts"}],"about":[{"href":"https:\/\/internacional.ufpr.br\/portal\/wp-json\/wp\/v2\/types\/post"}],"author":[{"embeddable":true,"href":"https:\/\/internacional.ufpr.br\/portal\/wp-json\/wp\/v2\/users\/12"}],"replies":[{"embeddable":true,"href":"https:\/\/internacional.ufpr.br\/portal\/wp-json\/wp\/v2\/comments?post=3061"}],"version-history":[{"count":0,"href":"https:\/\/internacional.ufpr.br\/portal\/wp-json\/wp\/v2\/posts\/3061\/revisions"}],"wp:attachment":[{"href":"https:\/\/internacional.ufpr.br\/portal\/wp-json\/wp\/v2\/media?parent=3061"}],"wp:term":[{"taxonomy":"category","embeddable":true,"href":"https:\/\/internacional.ufpr.br\/portal\/wp-json\/wp\/v2\/categories?post=3061"},{"taxonomy":"post_tag","embeddable":true,"href":"https:\/\/internacional.ufpr.br\/portal\/wp-json\/wp\/v2\/tags?post=3061"}],"curies":[{"name":"wp","href":"https:\/\/api.w.org\/{rel}","templated":true}]}}