{"id":3034,"date":"2015-08-27T00:00:00","date_gmt":"2015-08-27T03:00:00","guid":{"rendered":"http:\/\/www.internacional.ufpr.br\/portal\/2015\/08\/27\/suica-bolsas-de-estudos-de-excelencia-do-governo-suico-2016-2017\/"},"modified":"2015-08-27T00:00:00","modified_gmt":"2015-08-27T03:00:00","slug":"suica-bolsas-de-estudos-de-excelencia-do-governo-suico-2016-2017","status":"publish","type":"post","link":"https:\/\/internacional.ufpr.br\/portal\/2015\/08\/27\/suica-bolsas-de-estudos-de-excelencia-do-governo-suico-2016-2017\/","title":{"rendered":"Su\u00ed\u00e7a: Bolsas de Estudos de Excel\u00eancia do Governo Su\u00ed\u00e7o 2016\/2017"},"content":{"rendered":"<p>Est&atilde;o abertas as inscri&ccedil;&otilde;es para as Bolsas de Estudo de Excel&ecirc;ncia do Governo su&iacute;&ccedil;o para o ano letivo de 2016\/2017 em Doutorado, P&oacute;s-doutorado e Pesquisa. Maiores informa&ccedil;&otilde;es no arquivo anexo e nos links de interesse.<\/p>\n","protected":false},"excerpt":{"rendered":"<p>Su\u00ed\u00e7a: bolsas de estudo 2016\/2017 para Doutorado, P\u00f3s-doutorado e Pesquisa.<\/p>\n","protected":false},"author":12,"featured_media":0,"comment_status":"open","ping_status":"open","sticky":false,"template":"","format":"standard","meta":{"_acf_changed":false,"footnotes":""},"categories":[6],"tags":[],"class_list":["post-3034","post","type-post","status-publish","format-standard","hentry","category-noticias"],"acf":[],"_links":{"self":[{"href":"https:\/\/internacional.ufpr.br\/portal\/wp-json\/wp\/v2\/posts\/3034","targetHints":{"allow":["GET"]}}],"collection":[{"href":"https:\/\/internacional.ufpr.br\/portal\/wp-json\/wp\/v2\/posts"}],"about":[{"href":"https:\/\/internacional.ufpr.br\/portal\/wp-json\/wp\/v2\/types\/post"}],"author":[{"embeddable":true,"href":"https:\/\/internacional.ufpr.br\/portal\/wp-json\/wp\/v2\/users\/12"}],"replies":[{"embeddable":true,"href":"https:\/\/internacional.ufpr.br\/portal\/wp-json\/wp\/v2\/comments?post=3034"}],"version-history":[{"count":0,"href":"https:\/\/internacional.ufpr.br\/portal\/wp-json\/wp\/v2\/posts\/3034\/revisions"}],"wp:attachment":[{"href":"https:\/\/internacional.ufpr.br\/portal\/wp-json\/wp\/v2\/media?parent=3034"}],"wp:term":[{"taxonomy":"category","embeddable":true,"href":"https:\/\/internacional.ufpr.br\/portal\/wp-json\/wp\/v2\/categories?post=3034"},{"taxonomy":"post_tag","embeddable":true,"href":"https:\/\/internacional.ufpr.br\/portal\/wp-json\/wp\/v2\/tags?post=3034"}],"curies":[{"name":"wp","href":"https:\/\/api.w.org\/{rel}","templated":true}]}}