{"id":2980,"date":"2014-03-17T00:00:00","date_gmt":"2014-03-17T03:00:00","guid":{"rendered":"http:\/\/www.internacional.ufpr.br\/portal\/2014\/03\/17\/abertas-as-inscricoes-para-as-bolsas-da-fundacao-botin\/"},"modified":"2014-03-17T00:00:00","modified_gmt":"2014-03-17T03:00:00","slug":"abertas-as-inscricoes-para-as-bolsas-da-fundacao-botin","status":"publish","type":"post","link":"https:\/\/internacional.ufpr.br\/portal\/2014\/03\/17\/abertas-as-inscricoes-para-as-bolsas-da-fundacao-botin\/","title":{"rendered":"Abertas as inscri\u00e7\u00f5es para as bolsas da Funda\u00e7\u00e3o Bot\u00edn"},"content":{"rendered":"<p>Est&atilde;o abertas at&eacute; 26 de maio as inscri&ccedil;&otilde;es para o &#8216;Programa para el fortalecimiento de la Funci&oacute;n P&uacute;blica em Am&eacute;rica Latina&#8217; da Funda&ccedil;&atilde;o Bot&iacute;n.<\/p>\n<p>O programa tem como objetivo impulsionar o desenvolvimento da Am&eacute;rica Latina atrav&eacute;s da cria&ccedil;&atilde;o de redes de servidores p&uacute;blicos de alta capacita&ccedil;&atilde;o e compromisso com o interesse geral da sociedade, recrutando 40 jovens universit&aacute;rios de pa&iacute;ses como a Argentina, Chile, Col&ocirc;mbia, Cuba, Equador, M&eacute;xico, Peru, Porto Rico, Uruguai e Brasil.<\/p>\n<p>Requisitos da Funda&ccedil;&atilde;o Bot&iacute;n para candidatura:&nbsp;http:\/\/www.fundacionbotin.org\/requisitos-del-candidato_fortalecimiento_becas-y-concursos.htm<\/p>\n<p>Requisitos da UFPR para candidatura: os mesmos adotados no&nbsp;Edital 05\/2013-ARI\/UFPR<\/p>\n<p>Mais informa&ccedil;&otilde;es e inscri&ccedil;&otilde;es:&nbsp;http:\/\/www.fundacionbotin.org\/becas-botin-de-fortalecimiento-de-la-funcion-publica_becas-y-concursos.htm<\/p>\n","protected":false},"excerpt":{"rendered":"<p>Abertas as inscri\u00e7\u00f5es para o &#8216;Programa para el fortalecimiento de la Funci\u00f3n P\u00fablica em Am\u00e9rica Latina&#8217; da Funda\u00e7\u00e3o Bot\u00edn.<\/p>\n","protected":false},"author":12,"featured_media":0,"comment_status":"open","ping_status":"open","sticky":false,"template":"","format":"standard","meta":{"_acf_changed":false,"footnotes":""},"categories":[6],"tags":[],"class_list":["post-2980","post","type-post","status-publish","format-standard","hentry","category-noticias"],"acf":[],"_links":{"self":[{"href":"https:\/\/internacional.ufpr.br\/portal\/wp-json\/wp\/v2\/posts\/2980","targetHints":{"allow":["GET"]}}],"collection":[{"href":"https:\/\/internacional.ufpr.br\/portal\/wp-json\/wp\/v2\/posts"}],"about":[{"href":"https:\/\/internacional.ufpr.br\/portal\/wp-json\/wp\/v2\/types\/post"}],"author":[{"embeddable":true,"href":"https:\/\/internacional.ufpr.br\/portal\/wp-json\/wp\/v2\/users\/12"}],"replies":[{"embeddable":true,"href":"https:\/\/internacional.ufpr.br\/portal\/wp-json\/wp\/v2\/comments?post=2980"}],"version-history":[{"count":0,"href":"https:\/\/internacional.ufpr.br\/portal\/wp-json\/wp\/v2\/posts\/2980\/revisions"}],"wp:attachment":[{"href":"https:\/\/internacional.ufpr.br\/portal\/wp-json\/wp\/v2\/media?parent=2980"}],"wp:term":[{"taxonomy":"category","embeddable":true,"href":"https:\/\/internacional.ufpr.br\/portal\/wp-json\/wp\/v2\/categories?post=2980"},{"taxonomy":"post_tag","embeddable":true,"href":"https:\/\/internacional.ufpr.br\/portal\/wp-json\/wp\/v2\/tags?post=2980"}],"curies":[{"name":"wp","href":"https:\/\/api.w.org\/{rel}","templated":true}]}}